{"id":85,"date":"2017-04-04T21:43:52","date_gmt":"2017-04-04T21:43:52","guid":{"rendered":"https:\/\/joaquinlois.com\/proyectoclarin\/?p=85"},"modified":"2022-06-01T19:39:32","modified_gmt":"2022-06-01T19:39:32","slug":"clarin-opus-ii","status":"publish","type":"post","link":"https:\/\/joaquinlois.com\/proyectoclarin\/clarin-opus-ii\/","title":{"rendered":"Clar\u00edn Opus II"},"content":{"rendered":"<p>&nbsp;<\/p>\n<p>&nbsp;<\/p>\n<p>&nbsp;<\/p>\n","protected":false},"excerpt":{"rendered":"<p>A petici\u00f3n de La Hochschule f\u00fcr Musik de Mainz se construye un instrumento un instrumento siguiendo fielmente, la est\u00e9tica las prestaciones musicales y la t\u00e9cnica de los \u00f3rganos castellanos del siglo XVIII.<\/p>\n<p>Siendo la docencia su principal funci\u00f3n se constata su utilidad para la comprensi\u00f3n de un repertorio espec\u00edfico as\u00ed como los rasgos de los instrumentos hist\u00f3ricos de un ampl\u00edsimo \u00e1mbito geogr\u00e1fico. Tambi\u00e9n es de gran utilidad para el estudio del repertorio m\u00e1s antiguo de la m\u00fasica europea.<\/p>\n","protected":false},"author":1,"featured_media":1048,"comment_status":"open","ping_status":"open","sticky":false,"template":"","format":"standard","meta":{"_acf_changed":false,"footnotes":""},"categories":[17],"tags":[],"class_list":["post-85","post","type-post","status-publish","format-standard","has-post-thumbnail","hentry","category-sin-categoria-de"],"acf":[],"yoast_head":"<!-- This site is optimized with the Yoast SEO plugin v27.3 - https:\/\/yoast.com\/product\/yoast-seo-wordpress\/ -->\n<title>Clar\u00edn Opus II - Proyecto Clar\u00edn<\/title>\n<meta name=\"robots\" content=\"noindex, follow, max-snippet:-1, max-image-preview:large, max-video-preview:-1\" \/>\n<meta property=\"og:locale\" content=\"es_ES\" \/>\n<meta property=\"og:type\" content=\"article\" \/>\n<meta property=\"og:title\" content=\"Clar\u00edn Opus II - Proyecto Clar\u00edn\" \/>\n<meta property=\"og:description\" content=\"A petici\u00f3n de La Hochschule f\u00fcr Musik de Mainz se construye un instrumento un instrumento siguiendo fielmente, la est\u00e9tica las prestaciones musicales y la t\u00e9cnica de los \u00f3rganos castellanos del siglo XVIII.  Siendo la docencia su principal funci\u00f3n se constata su utilidad para la comprensi\u00f3n de un repertorio espec\u00edfico as\u00ed como los rasgos de los instrumentos hist\u00f3ricos de un ampl\u00edsimo \u00e1mbito geogr\u00e1fico. Tambi\u00e9n es de gran utilidad para el estudio del repertorio m\u00e1s antiguo de la m\u00fasica europea.\" \/>\n<meta property=\"og:url\" content=\"https:\/\/joaquinlois.com\/proyectoclarin\/clarin-opus-ii\/\" \/>\n<meta property=\"og:site_name\" content=\"Proyecto Clar\u00edn\" \/>\n<meta property=\"article:published_time\" content=\"2017-04-04T21:43:52+00:00\" \/>\n<meta property=\"article:modified_time\" content=\"2022-06-01T19:39:32+00:00\" \/>\n<meta property=\"og:image\" content=\"https:\/\/joaquinlois.com\/proyectoclarin\/wp-content\/uploads\/sites\/4\/2022\/06\/spanich_orgel_mainz_009.jpg\" \/>\n\t<meta property=\"og:image:width\" content=\"1000\" \/>\n\t<meta property=\"og:image:height\" content=\"1486\" \/>\n\t<meta property=\"og:image:type\" content=\"image\/jpeg\" \/>\n<meta name=\"author\" content=\"admin\" \/>\n<meta name=\"twitter:card\" content=\"summary_large_image\" \/>\n<meta name=\"twitter:label1\" content=\"Escrito por\" \/>\n\t<meta name=\"twitter:data1\" content=\"admin\" \/>\n<script type=\"application\/ld+json\" class=\"yoast-schema-graph\">{\"@context\":\"https:\\\/\\\/schema.org\",\"@graph\":[{\"@type\":\"Article\",\"@id\":\"https:\\\/\\\/joaquinlois.com\\\/proyectoclarin\\\/clarin-opus-ii\\\/#article\",\"isPartOf\":{\"@id\":\"https:\\\/\\\/joaquinlois.com\\\/proyectoclarin\\\/clarin-opus-ii\\\/\"},\"author\":{\"name\":\"admin\",\"@id\":\"https:\\\/\\\/joaquinlois.com\\\/proyectoclarin\\\/#\\\/schema\\\/person\\\/91b02054a0a8f4c46cc3753e6417987a\"},\"headline\":\"Clar\u00edn Opus II\",\"datePublished\":\"2017-04-04T21:43:52+00:00\",\"dateModified\":\"2022-06-01T19:39:32+00:00\",\"mainEntityOfPage\":{\"@id\":\"https:\\\/\\\/joaquinlois.com\\\/proyectoclarin\\\/clarin-opus-ii\\\/\"},\"wordCount\":7,\"commentCount\":0,\"image\":{\"@id\":\"https:\\\/\\\/joaquinlois.com\\\/proyectoclarin\\\/clarin-opus-ii\\\/#primaryimage\"},\"thumbnailUrl\":\"https:\\\/\\\/joaquinlois.com\\\/proyectoclarin\\\/wp-content\\\/uploads\\\/sites\\\/4\\\/2022\\\/06\\\/spanich_orgel_mainz_009.jpg\",\"articleSection\":[\"Sin categor\u00eda @de\"],\"inLanguage\":\"es\",\"potentialAction\":[{\"@type\":\"CommentAction\",\"name\":\"Comment\",\"target\":[\"https:\\\/\\\/joaquinlois.com\\\/proyectoclarin\\\/clarin-opus-ii\\\/#respond\"]}]},{\"@type\":\"WebPage\",\"@id\":\"https:\\\/\\\/joaquinlois.com\\\/proyectoclarin\\\/clarin-opus-ii\\\/\",\"url\":\"https:\\\/\\\/joaquinlois.com\\\/proyectoclarin\\\/clarin-opus-ii\\\/\",\"name\":\"Clar\u00edn Opus II - Proyecto Clar\u00edn\",\"isPartOf\":{\"@id\":\"https:\\\/\\\/joaquinlois.com\\\/proyectoclarin\\\/#website\"},\"primaryImageOfPage\":{\"@id\":\"https:\\\/\\\/joaquinlois.com\\\/proyectoclarin\\\/clarin-opus-ii\\\/#primaryimage\"},\"image\":{\"@id\":\"https:\\\/\\\/joaquinlois.com\\\/proyectoclarin\\\/clarin-opus-ii\\\/#primaryimage\"},\"thumbnailUrl\":\"https:\\\/\\\/joaquinlois.com\\\/proyectoclarin\\\/wp-content\\\/uploads\\\/sites\\\/4\\\/2022\\\/06\\\/spanich_orgel_mainz_009.jpg\",\"datePublished\":\"2017-04-04T21:43:52+00:00\",\"dateModified\":\"2022-06-01T19:39:32+00:00\",\"author\":{\"@id\":\"https:\\\/\\\/joaquinlois.com\\\/proyectoclarin\\\/#\\\/schema\\\/person\\\/91b02054a0a8f4c46cc3753e6417987a\"},\"inLanguage\":\"es\",\"potentialAction\":[{\"@type\":\"ReadAction\",\"target\":[\"https:\\\/\\\/joaquinlois.com\\\/proyectoclarin\\\/clarin-opus-ii\\\/\"]}]},{\"@type\":\"ImageObject\",\"inLanguage\":\"es\",\"@id\":\"https:\\\/\\\/joaquinlois.com\\\/proyectoclarin\\\/clarin-opus-ii\\\/#primaryimage\",\"url\":\"https:\\\/\\\/joaquinlois.com\\\/proyectoclarin\\\/wp-content\\\/uploads\\\/sites\\\/4\\\/2022\\\/06\\\/spanich_orgel_mainz_009.jpg\",\"contentUrl\":\"https:\\\/\\\/joaquinlois.com\\\/proyectoclarin\\\/wp-content\\\/uploads\\\/sites\\\/4\\\/2022\\\/06\\\/spanich_orgel_mainz_009.jpg\",\"width\":1000,\"height\":1486},{\"@type\":\"WebSite\",\"@id\":\"https:\\\/\\\/joaquinlois.com\\\/proyectoclarin\\\/#website\",\"url\":\"https:\\\/\\\/joaquinlois.com\\\/proyectoclarin\\\/\",\"name\":\"Proyecto Clar\u00edn\",\"description\":\"Un \u00d3rgano Barroco Castellano\",\"potentialAction\":[{\"@type\":\"SearchAction\",\"target\":{\"@type\":\"EntryPoint\",\"urlTemplate\":\"https:\\\/\\\/joaquinlois.com\\\/proyectoclarin\\\/?s={search_term_string}\"},\"query-input\":{\"@type\":\"PropertyValueSpecification\",\"valueRequired\":true,\"valueName\":\"search_term_string\"}}],\"inLanguage\":\"es\"},{\"@type\":\"Person\",\"@id\":\"https:\\\/\\\/joaquinlois.com\\\/proyectoclarin\\\/#\\\/schema\\\/person\\\/91b02054a0a8f4c46cc3753e6417987a\",\"name\":\"admin\",\"sameAs\":[\"https:\\\/\\\/www.joaquinlois.com\"],\"url\":\"https:\\\/\\\/joaquinlois.com\\\/proyectoclarin\\\/author\\\/admin\\\/\"}]}<\/script>\n<!-- \/ Yoast SEO plugin. -->","yoast_head_json":{"title":"Clar\u00edn Opus II - Proyecto Clar\u00edn","robots":{"index":"noindex","follow":"follow","max-snippet":"max-snippet:-1","max-image-preview":"max-image-preview:large","max-video-preview":"max-video-preview:-1"},"og_locale":"es_ES","og_type":"article","og_title":"Clar\u00edn Opus II - Proyecto Clar\u00edn","og_description":"A petici\u00f3n de La Hochschule f\u00fcr Musik de Mainz se construye un instrumento un instrumento siguiendo fielmente, la est\u00e9tica las prestaciones musicales y la t\u00e9cnica de los \u00f3rganos castellanos del siglo XVIII.  Siendo la docencia su principal funci\u00f3n se constata su utilidad para la comprensi\u00f3n de un repertorio espec\u00edfico as\u00ed como los rasgos de los instrumentos hist\u00f3ricos de un ampl\u00edsimo \u00e1mbito geogr\u00e1fico. Tambi\u00e9n es de gran utilidad para el estudio del repertorio m\u00e1s antiguo de la m\u00fasica europea.","og_url":"https:\/\/joaquinlois.com\/proyectoclarin\/clarin-opus-ii\/","og_site_name":"Proyecto Clar\u00edn","article_published_time":"2017-04-04T21:43:52+00:00","article_modified_time":"2022-06-01T19:39:32+00:00","og_image":[{"width":1000,"height":1486,"url":"https:\/\/joaquinlois.com\/proyectoclarin\/wp-content\/uploads\/sites\/4\/2022\/06\/spanich_orgel_mainz_009.jpg","type":"image\/jpeg"}],"author":"admin","twitter_card":"summary_large_image","twitter_misc":{"Escrito por":"admin"},"schema":{"@context":"https:\/\/schema.org","@graph":[{"@type":"Article","@id":"https:\/\/joaquinlois.com\/proyectoclarin\/clarin-opus-ii\/#article","isPartOf":{"@id":"https:\/\/joaquinlois.com\/proyectoclarin\/clarin-opus-ii\/"},"author":{"name":"admin","@id":"https:\/\/joaquinlois.com\/proyectoclarin\/#\/schema\/person\/91b02054a0a8f4c46cc3753e6417987a"},"headline":"Clar\u00edn Opus II","datePublished":"2017-04-04T21:43:52+00:00","dateModified":"2022-06-01T19:39:32+00:00","mainEntityOfPage":{"@id":"https:\/\/joaquinlois.com\/proyectoclarin\/clarin-opus-ii\/"},"wordCount":7,"commentCount":0,"image":{"@id":"https:\/\/joaquinlois.com\/proyectoclarin\/clarin-opus-ii\/#primaryimage"},"thumbnailUrl":"https:\/\/joaquinlois.com\/proyectoclarin\/wp-content\/uploads\/sites\/4\/2022\/06\/spanich_orgel_mainz_009.jpg","articleSection":["Sin categor\u00eda @de"],"inLanguage":"es","potentialAction":[{"@type":"CommentAction","name":"Comment","target":["https:\/\/joaquinlois.com\/proyectoclarin\/clarin-opus-ii\/#respond"]}]},{"@type":"WebPage","@id":"https:\/\/joaquinlois.com\/proyectoclarin\/clarin-opus-ii\/","url":"https:\/\/joaquinlois.com\/proyectoclarin\/clarin-opus-ii\/","name":"Clar\u00edn Opus II - Proyecto Clar\u00edn","isPartOf":{"@id":"https:\/\/joaquinlois.com\/proyectoclarin\/#website"},"primaryImageOfPage":{"@id":"https:\/\/joaquinlois.com\/proyectoclarin\/clarin-opus-ii\/#primaryimage"},"image":{"@id":"https:\/\/joaquinlois.com\/proyectoclarin\/clarin-opus-ii\/#primaryimage"},"thumbnailUrl":"https:\/\/joaquinlois.com\/proyectoclarin\/wp-content\/uploads\/sites\/4\/2022\/06\/spanich_orgel_mainz_009.jpg","datePublished":"2017-04-04T21:43:52+00:00","dateModified":"2022-06-01T19:39:32+00:00","author":{"@id":"https:\/\/joaquinlois.com\/proyectoclarin\/#\/schema\/person\/91b02054a0a8f4c46cc3753e6417987a"},"inLanguage":"es","potentialAction":[{"@type":"ReadAction","target":["https:\/\/joaquinlois.com\/proyectoclarin\/clarin-opus-ii\/"]}]},{"@type":"ImageObject","inLanguage":"es","@id":"https:\/\/joaquinlois.com\/proyectoclarin\/clarin-opus-ii\/#primaryimage","url":"https:\/\/joaquinlois.com\/proyectoclarin\/wp-content\/uploads\/sites\/4\/2022\/06\/spanich_orgel_mainz_009.jpg","contentUrl":"https:\/\/joaquinlois.com\/proyectoclarin\/wp-content\/uploads\/sites\/4\/2022\/06\/spanich_orgel_mainz_009.jpg","width":1000,"height":1486},{"@type":"WebSite","@id":"https:\/\/joaquinlois.com\/proyectoclarin\/#website","url":"https:\/\/joaquinlois.com\/proyectoclarin\/","name":"Proyecto Clar\u00edn","description":"Un \u00d3rgano Barroco Castellano","potentialAction":[{"@type":"SearchAction","target":{"@type":"EntryPoint","urlTemplate":"https:\/\/joaquinlois.com\/proyectoclarin\/?s={search_term_string}"},"query-input":{"@type":"PropertyValueSpecification","valueRequired":true,"valueName":"search_term_string"}}],"inLanguage":"es"},{"@type":"Person","@id":"https:\/\/joaquinlois.com\/proyectoclarin\/#\/schema\/person\/91b02054a0a8f4c46cc3753e6417987a","name":"admin","sameAs":["https:\/\/www.joaquinlois.com"],"url":"https:\/\/joaquinlois.com\/proyectoclarin\/author\/admin\/"}]}},"_links":{"self":[{"href":"https:\/\/joaquinlois.com\/proyectoclarin\/wp-json\/wp\/v2\/posts\/85","targetHints":{"allow":["GET"]}}],"collection":[{"href":"https:\/\/joaquinlois.com\/proyectoclarin\/wp-json\/wp\/v2\/posts"}],"about":[{"href":"https:\/\/joaquinlois.com\/proyectoclarin\/wp-json\/wp\/v2\/types\/post"}],"author":[{"embeddable":true,"href":"https:\/\/joaquinlois.com\/proyectoclarin\/wp-json\/wp\/v2\/users\/1"}],"replies":[{"embeddable":true,"href":"https:\/\/joaquinlois.com\/proyectoclarin\/wp-json\/wp\/v2\/comments?post=85"}],"version-history":[{"count":4,"href":"https:\/\/joaquinlois.com\/proyectoclarin\/wp-json\/wp\/v2\/posts\/85\/revisions"}],"predecessor-version":[{"id":1189,"href":"https:\/\/joaquinlois.com\/proyectoclarin\/wp-json\/wp\/v2\/posts\/85\/revisions\/1189"}],"wp:featuredmedia":[{"embeddable":true,"href":"https:\/\/joaquinlois.com\/proyectoclarin\/wp-json\/wp\/v2\/media\/1048"}],"wp:attachment":[{"href":"https:\/\/joaquinlois.com\/proyectoclarin\/wp-json\/wp\/v2\/media?parent=85"}],"wp:term":[{"taxonomy":"category","embeddable":true,"href":"https:\/\/joaquinlois.com\/proyectoclarin\/wp-json\/wp\/v2\/categories?post=85"},{"taxonomy":"post_tag","embeddable":true,"href":"https:\/\/joaquinlois.com\/proyectoclarin\/wp-json\/wp\/v2\/tags?post=85"}],"curies":[{"name":"wp","href":"https:\/\/api.w.org\/{rel}","templated":true}]}}