{"id":82,"date":"2017-04-04T21:20:05","date_gmt":"2017-04-04T21:20:05","guid":{"rendered":"https:\/\/joaquinlois.com\/proyectoclarin\/?p=82"},"modified":"2022-06-01T19:35:11","modified_gmt":"2022-06-01T19:35:11","slug":"clarin-opus-i","status":"publish","type":"post","link":"https:\/\/joaquinlois.com\/proyectoclarin\/clarin-opus-i\/","title":{"rendered":"Clar\u00edn Opus I"},"content":{"rendered":"<hr \/>\n<p><strong><span style=\"color: #990000;\">F<\/span>lautado Viol\u00f3n<\/strong>\u00a0 La primera octava en madera, el resto tapado a chimenea.<br \/>\n<strong><span style=\"color: #990000;\">F<\/span>lautado de 6 \u00bd<\/strong>. Mano izquierda en fachada.<br \/>\n<strong>El <span style=\"color: #990000;\">F<\/span>lautado de 13<\/strong> de mano derecha lleva la octava grave en fachada.<br \/>\n<strong>La leng\u00fceter\u00eda<\/strong> , es de fachada, de igual metal que el resto del \u00f3rgano y dispuesta en W.<\/p>\n<p><strong>La \u201cm\u00e1quina\u201d<\/strong> es de la hechura tradicional en los \u00f3rganos castellanos con mec\u00e1nica suspendida y secreto de correderas. Orden crom\u00e1tico de notas.<br \/>\nTres tablones acanalados para los juegos de fachada y otro menor para los bajos de <strong><span style=\"color: #990000;\">V<\/span>iol\u00f3n<\/strong> y secretillo elevado para la <strong><span style=\"color: #990000;\">C<\/span>orneta<\/strong>.<\/p>\n<p>El teclado de pino, hueso y granadillo. Los pomos de registros de Boj.<\/p>\n<p>La alimentaci\u00f3n del viento se compone de <strong>tres fuelles de cu\u00f1a<\/strong> que se accionan manualmente.<br \/>\n<span class=\"negrita\">El mueble<\/span> seg\u00fan estilo y hechura del modelo. Decoraci\u00f3n cl\u00e1sica, con fondos policromados y tallas doradas.<\/p>\n<p>La construcci\u00f3n ha sido realizada seg\u00fan la tradici\u00f3n del S XVIII,\u00a0 maderas de pino y nogal, pieles de oveja de curtido natural, teclado de hueso, hechura artesanal de la tuber\u00eda, fundici\u00f3n del metal , labrado a mano,\u00a0 y par\u00e1metros de la tuber\u00eda y su armon\u00eda seg\u00fan las pautas que nos da el original.<\/p>\n<hr \/>\n<h4><strong>Se ofrecen diferentes variantes sobre el modelo en cuanto a decoraci\u00f3n y otros detalles t\u00e9cnicos. Para mas informaci\u00f3n contactar con nuestro taller<\/strong><\/h4>\n<p>&nbsp;<\/p>\n","protected":false},"excerpt":{"rendered":"<p>Las caracter\u00edsticas plasmadas en el Opus I han sido seleccionadas por su pureza de estilo y a la vez  por su versatilidad en cuanto a la ubicaci\u00f3n y la integraci\u00f3n en diferentes proyectos musicales.  El modelo tomado corresponde a un \u00f3rgano muy com\u00fan de los construidos en el siglo XVIII en los peque\u00f1os pueblos de Castilla.<br \/>\nSiendo un instrumento de reducidas dimensiones contiene todo lo esencial en un \u00f3rgano de su estilo siendo muy apropiado tanto para una iglesia como para un auditorio o aula. Estas caracter\u00edsticas y su tipo de construcci\u00f3n tambi\u00e9n han facilitado su esp\u00edritu viajero.  Con sus 5.000 kms recorridos por Europa y su instalaci\u00f3n en 9 localidades diferentes el \u00f3rgano goza de una salud envidiable tanto en su aspecto t\u00e9cnico y musical como en el ornamental.<\/p>\n","protected":false},"author":1,"featured_media":952,"comment_status":"open","ping_status":"open","sticky":false,"template":"","format":"standard","meta":{"_acf_changed":false,"footnotes":""},"categories":[17],"tags":[],"class_list":["post-82","post","type-post","status-publish","format-standard","has-post-thumbnail","hentry","category-sin-categoria-de"],"acf":[],"yoast_head":"<!-- This site is optimized with the Yoast SEO plugin v27.3 - https:\/\/yoast.com\/product\/yoast-seo-wordpress\/ -->\n<title>Clar\u00edn Opus I - Proyecto Clar\u00edn<\/title>\n<meta name=\"robots\" content=\"noindex, follow, max-snippet:-1, max-image-preview:large, max-video-preview:-1\" \/>\n<meta property=\"og:locale\" content=\"es_ES\" \/>\n<meta property=\"og:type\" content=\"article\" \/>\n<meta property=\"og:title\" content=\"Clar\u00edn Opus I - Proyecto Clar\u00edn\" \/>\n<meta property=\"og:description\" content=\"Las caracter\u00edsticas plasmadas en el Opus I han sido seleccionadas por su pureza de estilo y a la vez por su versatilidad en cuanto a la ubicaci\u00f3n y la integraci\u00f3n en diferentes proyectos musicales. El modelo tomado corresponde a un \u00f3rgano muy com\u00fan de los construidos en el siglo XVIII en los peque\u00f1os pueblos de Castilla.  Siendo un instrumento de reducidas dimensiones contiene todo lo esencial en un \u00f3rgano de su estilo siendo muy apropiado tanto para una iglesia como para un auditorio o aula. Estas caracter\u00edsticas y su tipo de construcci\u00f3n tambi\u00e9n han facilitado su esp\u00edritu viajero. Con sus 5.000 kms recorridos por Europa y su instalaci\u00f3n en 9 localidades diferentes el \u00f3rgano goza de una salud envidiable tanto en su aspecto t\u00e9cnico y musical como en el ornamental.\" \/>\n<meta property=\"og:url\" content=\"https:\/\/joaquinlois.com\/proyectoclarin\/clarin-opus-i\/\" \/>\n<meta property=\"og:site_name\" content=\"Proyecto Clar\u00edn\" \/>\n<meta property=\"article:published_time\" content=\"2017-04-04T21:20:05+00:00\" \/>\n<meta property=\"article:modified_time\" content=\"2022-06-01T19:35:11+00:00\" \/>\n<meta property=\"og:image\" content=\"https:\/\/joaquinlois.com\/proyectoclarin\/wp-content\/uploads\/sites\/4\/2022\/06\/Clarin-Opus-I-Spanish-baroque-organ.jpg\" \/>\n\t<meta property=\"og:image:width\" content=\"923\" \/>\n\t<meta property=\"og:image:height\" content=\"1200\" \/>\n\t<meta property=\"og:image:type\" content=\"image\/jpeg\" \/>\n<meta name=\"author\" content=\"admin\" \/>\n<meta name=\"twitter:card\" content=\"summary_large_image\" \/>\n<meta name=\"twitter:label1\" content=\"Escrito por\" \/>\n\t<meta name=\"twitter:data1\" content=\"admin\" \/>\n\t<meta name=\"twitter:label2\" content=\"Tiempo de lectura\" \/>\n\t<meta name=\"twitter:data2\" content=\"1 minuto\" \/>\n<script type=\"application\/ld+json\" class=\"yoast-schema-graph\">{\"@context\":\"https:\\\/\\\/schema.org\",\"@graph\":[{\"@type\":\"Article\",\"@id\":\"https:\\\/\\\/joaquinlois.com\\\/proyectoclarin\\\/clarin-opus-i\\\/#article\",\"isPartOf\":{\"@id\":\"https:\\\/\\\/joaquinlois.com\\\/proyectoclarin\\\/clarin-opus-i\\\/\"},\"author\":{\"name\":\"admin\",\"@id\":\"https:\\\/\\\/joaquinlois.com\\\/proyectoclarin\\\/#\\\/schema\\\/person\\\/91b02054a0a8f4c46cc3753e6417987a\"},\"headline\":\"Clar\u00edn Opus I\",\"datePublished\":\"2017-04-04T21:20:05+00:00\",\"dateModified\":\"2022-06-01T19:35:11+00:00\",\"mainEntityOfPage\":{\"@id\":\"https:\\\/\\\/joaquinlois.com\\\/proyectoclarin\\\/clarin-opus-i\\\/\"},\"wordCount\":238,\"commentCount\":0,\"image\":{\"@id\":\"https:\\\/\\\/joaquinlois.com\\\/proyectoclarin\\\/clarin-opus-i\\\/#primaryimage\"},\"thumbnailUrl\":\"https:\\\/\\\/joaquinlois.com\\\/proyectoclarin\\\/wp-content\\\/uploads\\\/sites\\\/4\\\/2022\\\/06\\\/Clarin-Opus-I-Spanish-baroque-organ.jpg\",\"articleSection\":[\"Sin categor\u00eda @de\"],\"inLanguage\":\"es\",\"potentialAction\":[{\"@type\":\"CommentAction\",\"name\":\"Comment\",\"target\":[\"https:\\\/\\\/joaquinlois.com\\\/proyectoclarin\\\/clarin-opus-i\\\/#respond\"]}]},{\"@type\":\"WebPage\",\"@id\":\"https:\\\/\\\/joaquinlois.com\\\/proyectoclarin\\\/clarin-opus-i\\\/\",\"url\":\"https:\\\/\\\/joaquinlois.com\\\/proyectoclarin\\\/clarin-opus-i\\\/\",\"name\":\"Clar\u00edn Opus I - Proyecto Clar\u00edn\",\"isPartOf\":{\"@id\":\"https:\\\/\\\/joaquinlois.com\\\/proyectoclarin\\\/#website\"},\"primaryImageOfPage\":{\"@id\":\"https:\\\/\\\/joaquinlois.com\\\/proyectoclarin\\\/clarin-opus-i\\\/#primaryimage\"},\"image\":{\"@id\":\"https:\\\/\\\/joaquinlois.com\\\/proyectoclarin\\\/clarin-opus-i\\\/#primaryimage\"},\"thumbnailUrl\":\"https:\\\/\\\/joaquinlois.com\\\/proyectoclarin\\\/wp-content\\\/uploads\\\/sites\\\/4\\\/2022\\\/06\\\/Clarin-Opus-I-Spanish-baroque-organ.jpg\",\"datePublished\":\"2017-04-04T21:20:05+00:00\",\"dateModified\":\"2022-06-01T19:35:11+00:00\",\"author\":{\"@id\":\"https:\\\/\\\/joaquinlois.com\\\/proyectoclarin\\\/#\\\/schema\\\/person\\\/91b02054a0a8f4c46cc3753e6417987a\"},\"inLanguage\":\"es\",\"potentialAction\":[{\"@type\":\"ReadAction\",\"target\":[\"https:\\\/\\\/joaquinlois.com\\\/proyectoclarin\\\/clarin-opus-i\\\/\"]}]},{\"@type\":\"ImageObject\",\"inLanguage\":\"es\",\"@id\":\"https:\\\/\\\/joaquinlois.com\\\/proyectoclarin\\\/clarin-opus-i\\\/#primaryimage\",\"url\":\"https:\\\/\\\/joaquinlois.com\\\/proyectoclarin\\\/wp-content\\\/uploads\\\/sites\\\/4\\\/2022\\\/06\\\/Clarin-Opus-I-Spanish-baroque-organ.jpg\",\"contentUrl\":\"https:\\\/\\\/joaquinlois.com\\\/proyectoclarin\\\/wp-content\\\/uploads\\\/sites\\\/4\\\/2022\\\/06\\\/Clarin-Opus-I-Spanish-baroque-organ.jpg\",\"width\":923,\"height\":1200},{\"@type\":\"WebSite\",\"@id\":\"https:\\\/\\\/joaquinlois.com\\\/proyectoclarin\\\/#website\",\"url\":\"https:\\\/\\\/joaquinlois.com\\\/proyectoclarin\\\/\",\"name\":\"Proyecto Clar\u00edn\",\"description\":\"Un \u00d3rgano Barroco Castellano\",\"potentialAction\":[{\"@type\":\"SearchAction\",\"target\":{\"@type\":\"EntryPoint\",\"urlTemplate\":\"https:\\\/\\\/joaquinlois.com\\\/proyectoclarin\\\/?s={search_term_string}\"},\"query-input\":{\"@type\":\"PropertyValueSpecification\",\"valueRequired\":true,\"valueName\":\"search_term_string\"}}],\"inLanguage\":\"es\"},{\"@type\":\"Person\",\"@id\":\"https:\\\/\\\/joaquinlois.com\\\/proyectoclarin\\\/#\\\/schema\\\/person\\\/91b02054a0a8f4c46cc3753e6417987a\",\"name\":\"admin\",\"sameAs\":[\"https:\\\/\\\/www.joaquinlois.com\"],\"url\":\"https:\\\/\\\/joaquinlois.com\\\/proyectoclarin\\\/author\\\/admin\\\/\"}]}<\/script>\n<!-- \/ Yoast SEO plugin. -->","yoast_head_json":{"title":"Clar\u00edn Opus I - Proyecto Clar\u00edn","robots":{"index":"noindex","follow":"follow","max-snippet":"max-snippet:-1","max-image-preview":"max-image-preview:large","max-video-preview":"max-video-preview:-1"},"og_locale":"es_ES","og_type":"article","og_title":"Clar\u00edn Opus I - Proyecto Clar\u00edn","og_description":"Las caracter\u00edsticas plasmadas en el Opus I han sido seleccionadas por su pureza de estilo y a la vez por su versatilidad en cuanto a la ubicaci\u00f3n y la integraci\u00f3n en diferentes proyectos musicales. El modelo tomado corresponde a un \u00f3rgano muy com\u00fan de los construidos en el siglo XVIII en los peque\u00f1os pueblos de Castilla.  Siendo un instrumento de reducidas dimensiones contiene todo lo esencial en un \u00f3rgano de su estilo siendo muy apropiado tanto para una iglesia como para un auditorio o aula. Estas caracter\u00edsticas y su tipo de construcci\u00f3n tambi\u00e9n han facilitado su esp\u00edritu viajero. Con sus 5.000 kms recorridos por Europa y su instalaci\u00f3n en 9 localidades diferentes el \u00f3rgano goza de una salud envidiable tanto en su aspecto t\u00e9cnico y musical como en el ornamental.","og_url":"https:\/\/joaquinlois.com\/proyectoclarin\/clarin-opus-i\/","og_site_name":"Proyecto Clar\u00edn","article_published_time":"2017-04-04T21:20:05+00:00","article_modified_time":"2022-06-01T19:35:11+00:00","og_image":[{"width":923,"height":1200,"url":"https:\/\/joaquinlois.com\/proyectoclarin\/wp-content\/uploads\/sites\/4\/2022\/06\/Clarin-Opus-I-Spanish-baroque-organ.jpg","type":"image\/jpeg"}],"author":"admin","twitter_card":"summary_large_image","twitter_misc":{"Escrito por":"admin","Tiempo de lectura":"1 minuto"},"schema":{"@context":"https:\/\/schema.org","@graph":[{"@type":"Article","@id":"https:\/\/joaquinlois.com\/proyectoclarin\/clarin-opus-i\/#article","isPartOf":{"@id":"https:\/\/joaquinlois.com\/proyectoclarin\/clarin-opus-i\/"},"author":{"name":"admin","@id":"https:\/\/joaquinlois.com\/proyectoclarin\/#\/schema\/person\/91b02054a0a8f4c46cc3753e6417987a"},"headline":"Clar\u00edn Opus I","datePublished":"2017-04-04T21:20:05+00:00","dateModified":"2022-06-01T19:35:11+00:00","mainEntityOfPage":{"@id":"https:\/\/joaquinlois.com\/proyectoclarin\/clarin-opus-i\/"},"wordCount":238,"commentCount":0,"image":{"@id":"https:\/\/joaquinlois.com\/proyectoclarin\/clarin-opus-i\/#primaryimage"},"thumbnailUrl":"https:\/\/joaquinlois.com\/proyectoclarin\/wp-content\/uploads\/sites\/4\/2022\/06\/Clarin-Opus-I-Spanish-baroque-organ.jpg","articleSection":["Sin categor\u00eda @de"],"inLanguage":"es","potentialAction":[{"@type":"CommentAction","name":"Comment","target":["https:\/\/joaquinlois.com\/proyectoclarin\/clarin-opus-i\/#respond"]}]},{"@type":"WebPage","@id":"https:\/\/joaquinlois.com\/proyectoclarin\/clarin-opus-i\/","url":"https:\/\/joaquinlois.com\/proyectoclarin\/clarin-opus-i\/","name":"Clar\u00edn Opus I - Proyecto Clar\u00edn","isPartOf":{"@id":"https:\/\/joaquinlois.com\/proyectoclarin\/#website"},"primaryImageOfPage":{"@id":"https:\/\/joaquinlois.com\/proyectoclarin\/clarin-opus-i\/#primaryimage"},"image":{"@id":"https:\/\/joaquinlois.com\/proyectoclarin\/clarin-opus-i\/#primaryimage"},"thumbnailUrl":"https:\/\/joaquinlois.com\/proyectoclarin\/wp-content\/uploads\/sites\/4\/2022\/06\/Clarin-Opus-I-Spanish-baroque-organ.jpg","datePublished":"2017-04-04T21:20:05+00:00","dateModified":"2022-06-01T19:35:11+00:00","author":{"@id":"https:\/\/joaquinlois.com\/proyectoclarin\/#\/schema\/person\/91b02054a0a8f4c46cc3753e6417987a"},"inLanguage":"es","potentialAction":[{"@type":"ReadAction","target":["https:\/\/joaquinlois.com\/proyectoclarin\/clarin-opus-i\/"]}]},{"@type":"ImageObject","inLanguage":"es","@id":"https:\/\/joaquinlois.com\/proyectoclarin\/clarin-opus-i\/#primaryimage","url":"https:\/\/joaquinlois.com\/proyectoclarin\/wp-content\/uploads\/sites\/4\/2022\/06\/Clarin-Opus-I-Spanish-baroque-organ.jpg","contentUrl":"https:\/\/joaquinlois.com\/proyectoclarin\/wp-content\/uploads\/sites\/4\/2022\/06\/Clarin-Opus-I-Spanish-baroque-organ.jpg","width":923,"height":1200},{"@type":"WebSite","@id":"https:\/\/joaquinlois.com\/proyectoclarin\/#website","url":"https:\/\/joaquinlois.com\/proyectoclarin\/","name":"Proyecto Clar\u00edn","description":"Un \u00d3rgano Barroco Castellano","potentialAction":[{"@type":"SearchAction","target":{"@type":"EntryPoint","urlTemplate":"https:\/\/joaquinlois.com\/proyectoclarin\/?s={search_term_string}"},"query-input":{"@type":"PropertyValueSpecification","valueRequired":true,"valueName":"search_term_string"}}],"inLanguage":"es"},{"@type":"Person","@id":"https:\/\/joaquinlois.com\/proyectoclarin\/#\/schema\/person\/91b02054a0a8f4c46cc3753e6417987a","name":"admin","sameAs":["https:\/\/www.joaquinlois.com"],"url":"https:\/\/joaquinlois.com\/proyectoclarin\/author\/admin\/"}]}},"_links":{"self":[{"href":"https:\/\/joaquinlois.com\/proyectoclarin\/wp-json\/wp\/v2\/posts\/82","targetHints":{"allow":["GET"]}}],"collection":[{"href":"https:\/\/joaquinlois.com\/proyectoclarin\/wp-json\/wp\/v2\/posts"}],"about":[{"href":"https:\/\/joaquinlois.com\/proyectoclarin\/wp-json\/wp\/v2\/types\/post"}],"author":[{"embeddable":true,"href":"https:\/\/joaquinlois.com\/proyectoclarin\/wp-json\/wp\/v2\/users\/1"}],"replies":[{"embeddable":true,"href":"https:\/\/joaquinlois.com\/proyectoclarin\/wp-json\/wp\/v2\/comments?post=82"}],"version-history":[{"count":3,"href":"https:\/\/joaquinlois.com\/proyectoclarin\/wp-json\/wp\/v2\/posts\/82\/revisions"}],"predecessor-version":[{"id":1114,"href":"https:\/\/joaquinlois.com\/proyectoclarin\/wp-json\/wp\/v2\/posts\/82\/revisions\/1114"}],"wp:featuredmedia":[{"embeddable":true,"href":"https:\/\/joaquinlois.com\/proyectoclarin\/wp-json\/wp\/v2\/media\/952"}],"wp:attachment":[{"href":"https:\/\/joaquinlois.com\/proyectoclarin\/wp-json\/wp\/v2\/media?parent=82"}],"wp:term":[{"taxonomy":"category","embeddable":true,"href":"https:\/\/joaquinlois.com\/proyectoclarin\/wp-json\/wp\/v2\/categories?post=82"},{"taxonomy":"post_tag","embeddable":true,"href":"https:\/\/joaquinlois.com\/proyectoclarin\/wp-json\/wp\/v2\/tags?post=82"}],"curies":[{"name":"wp","href":"https:\/\/api.w.org\/{rel}","templated":true}]}}