{"id":299,"date":"2017-04-08T00:10:25","date_gmt":"2017-04-08T00:10:25","guid":{"rendered":"https:\/\/joaquinlois.com\/proyectoclarin\/?p=299\/"},"modified":"2022-06-01T19:41:16","modified_gmt":"2022-06-01T19:41:16","slug":"clarin-opus-iii","status":"publish","type":"post","link":"https:\/\/joaquinlois.com\/proyectoclarin\/clarin-opus-iii\/","title":{"rendered":"Clar\u00edn Opus III"},"content":{"rendered":"","protected":false},"excerpt":{"rendered":"<p>Clar\u00edn Opus III responde al modelo tomado para el Opus I pero con alguna variaci\u00f3n , ajust\u00e1ndose a las caracter\u00edsticas del lugar de destino y las inquietudes musicales de la propiedad.<br \/>\nLa madera de cedro en todos los elementos mec\u00e1nicos y ornamentales le dan un car\u00e1cter m\u00e1s parecido a los \u00f3rganos del siglo XVIII que en Castilla quedaron sin policromar y que con el paso de los siglos la madera de pino blanco ha tomado un tono tostado de gran belleza.<br \/>\nTambi\u00e9n pensado para climas y condiciones en los que conviene preservar los instrumentos de ataques de  xil\u00f3fagos y otros agentes nocivos para la madera.  <\/p>\n","protected":false},"author":1,"featured_media":946,"comment_status":"open","ping_status":"open","sticky":false,"template":"","format":"standard","meta":{"_acf_changed":false,"footnotes":""},"categories":[18],"tags":[],"class_list":["post-299","post","type-post","status-publish","format-standard","has-post-thumbnail","hentry","category-sin-categoria-en"],"acf":[],"yoast_head":"<!-- This site is optimized with the Yoast SEO plugin v27.3 - https:\/\/yoast.com\/product\/yoast-seo-wordpress\/ -->\n<title>Clar\u00edn Opus III - Proyecto Clar\u00edn<\/title>\n<meta name=\"robots\" content=\"noindex, follow, max-snippet:-1, max-image-preview:large, max-video-preview:-1\" \/>\n<meta property=\"og:locale\" content=\"es_ES\" \/>\n<meta property=\"og:type\" content=\"article\" \/>\n<meta property=\"og:title\" content=\"Clar\u00edn Opus III - Proyecto Clar\u00edn\" \/>\n<meta property=\"og:description\" content=\"Clar\u00edn Opus III responde al modelo tomado para el Opus I pero con alguna variaci\u00f3n , ajust\u00e1ndose a las caracter\u00edsticas del lugar de destino y las inquietudes musicales de la propiedad. La madera de cedro en todos los elementos mec\u00e1nicos y ornamentales le dan un car\u00e1cter m\u00e1s parecido a los \u00f3rganos del siglo XVIII que en Castilla quedaron sin policromar y que con el paso de los siglos la madera de pino blanco ha tomado un tono tostado de gran belleza. Tambi\u00e9n pensado para climas y condiciones en los que conviene preservar los instrumentos de ataques de xil\u00f3fagos y otros agentes nocivos para la madera.\" \/>\n<meta property=\"og:url\" content=\"https:\/\/joaquinlois.com\/proyectoclarin\/clarin-opus-iii\/\" \/>\n<meta property=\"og:site_name\" content=\"Proyecto Clar\u00edn\" \/>\n<meta property=\"article:published_time\" content=\"2017-04-08T00:10:25+00:00\" \/>\n<meta property=\"article:modified_time\" content=\"2022-06-01T19:41:16+00:00\" \/>\n<meta property=\"og:image\" content=\"https:\/\/joaquinlois.com\/proyectoclarin\/wp-content\/uploads\/sites\/4\/2022\/06\/Opus-III-Un-organo-barroco-espanol.jpg\" \/>\n\t<meta property=\"og:image:width\" content=\"800\" \/>\n\t<meta property=\"og:image:height\" content=\"1200\" \/>\n\t<meta property=\"og:image:type\" content=\"image\/jpeg\" \/>\n<meta name=\"author\" content=\"admin\" \/>\n<meta name=\"twitter:card\" content=\"summary_large_image\" \/>\n<meta name=\"twitter:label1\" content=\"Escrito por\" \/>\n\t<meta name=\"twitter:data1\" content=\"admin\" \/>\n<script type=\"application\/ld+json\" class=\"yoast-schema-graph\">{\"@context\":\"https:\\\/\\\/schema.org\",\"@graph\":[{\"@type\":\"Article\",\"@id\":\"https:\\\/\\\/joaquinlois.com\\\/proyectoclarin\\\/clarin-opus-iii\\\/#article\",\"isPartOf\":{\"@id\":\"https:\\\/\\\/joaquinlois.com\\\/proyectoclarin\\\/clarin-opus-iii\\\/\"},\"author\":{\"name\":\"admin\",\"@id\":\"https:\\\/\\\/joaquinlois.com\\\/proyectoclarin\\\/#\\\/schema\\\/person\\\/91b02054a0a8f4c46cc3753e6417987a\"},\"headline\":\"Clar\u00edn Opus III\",\"datePublished\":\"2017-04-08T00:10:25+00:00\",\"dateModified\":\"2022-06-01T19:41:16+00:00\",\"mainEntityOfPage\":{\"@id\":\"https:\\\/\\\/joaquinlois.com\\\/proyectoclarin\\\/clarin-opus-iii\\\/\"},\"wordCount\":4,\"commentCount\":0,\"image\":{\"@id\":\"https:\\\/\\\/joaquinlois.com\\\/proyectoclarin\\\/clarin-opus-iii\\\/#primaryimage\"},\"thumbnailUrl\":\"https:\\\/\\\/joaquinlois.com\\\/proyectoclarin\\\/wp-content\\\/uploads\\\/sites\\\/4\\\/2022\\\/06\\\/Opus-III-Un-organo-barroco-espanol.jpg\",\"articleSection\":[\"Sin categor\u00eda @en\"],\"inLanguage\":\"es\",\"potentialAction\":[{\"@type\":\"CommentAction\",\"name\":\"Comment\",\"target\":[\"https:\\\/\\\/joaquinlois.com\\\/proyectoclarin\\\/clarin-opus-iii\\\/#respond\"]}]},{\"@type\":\"WebPage\",\"@id\":\"https:\\\/\\\/joaquinlois.com\\\/proyectoclarin\\\/clarin-opus-iii\\\/\",\"url\":\"https:\\\/\\\/joaquinlois.com\\\/proyectoclarin\\\/clarin-opus-iii\\\/\",\"name\":\"Clar\u00edn Opus III - Proyecto Clar\u00edn\",\"isPartOf\":{\"@id\":\"https:\\\/\\\/joaquinlois.com\\\/proyectoclarin\\\/#website\"},\"primaryImageOfPage\":{\"@id\":\"https:\\\/\\\/joaquinlois.com\\\/proyectoclarin\\\/clarin-opus-iii\\\/#primaryimage\"},\"image\":{\"@id\":\"https:\\\/\\\/joaquinlois.com\\\/proyectoclarin\\\/clarin-opus-iii\\\/#primaryimage\"},\"thumbnailUrl\":\"https:\\\/\\\/joaquinlois.com\\\/proyectoclarin\\\/wp-content\\\/uploads\\\/sites\\\/4\\\/2022\\\/06\\\/Opus-III-Un-organo-barroco-espanol.jpg\",\"datePublished\":\"2017-04-08T00:10:25+00:00\",\"dateModified\":\"2022-06-01T19:41:16+00:00\",\"author\":{\"@id\":\"https:\\\/\\\/joaquinlois.com\\\/proyectoclarin\\\/#\\\/schema\\\/person\\\/91b02054a0a8f4c46cc3753e6417987a\"},\"inLanguage\":\"es\",\"potentialAction\":[{\"@type\":\"ReadAction\",\"target\":[\"https:\\\/\\\/joaquinlois.com\\\/proyectoclarin\\\/clarin-opus-iii\\\/\"]}]},{\"@type\":\"ImageObject\",\"inLanguage\":\"es\",\"@id\":\"https:\\\/\\\/joaquinlois.com\\\/proyectoclarin\\\/clarin-opus-iii\\\/#primaryimage\",\"url\":\"https:\\\/\\\/joaquinlois.com\\\/proyectoclarin\\\/wp-content\\\/uploads\\\/sites\\\/4\\\/2022\\\/06\\\/Opus-III-Un-organo-barroco-espanol.jpg\",\"contentUrl\":\"https:\\\/\\\/joaquinlois.com\\\/proyectoclarin\\\/wp-content\\\/uploads\\\/sites\\\/4\\\/2022\\\/06\\\/Opus-III-Un-organo-barroco-espanol.jpg\",\"width\":800,\"height\":1200},{\"@type\":\"WebSite\",\"@id\":\"https:\\\/\\\/joaquinlois.com\\\/proyectoclarin\\\/#website\",\"url\":\"https:\\\/\\\/joaquinlois.com\\\/proyectoclarin\\\/\",\"name\":\"Proyecto Clar\u00edn\",\"description\":\"Un \u00d3rgano Barroco Castellano\",\"potentialAction\":[{\"@type\":\"SearchAction\",\"target\":{\"@type\":\"EntryPoint\",\"urlTemplate\":\"https:\\\/\\\/joaquinlois.com\\\/proyectoclarin\\\/?s={search_term_string}\"},\"query-input\":{\"@type\":\"PropertyValueSpecification\",\"valueRequired\":true,\"valueName\":\"search_term_string\"}}],\"inLanguage\":\"es\"},{\"@type\":\"Person\",\"@id\":\"https:\\\/\\\/joaquinlois.com\\\/proyectoclarin\\\/#\\\/schema\\\/person\\\/91b02054a0a8f4c46cc3753e6417987a\",\"name\":\"admin\",\"sameAs\":[\"https:\\\/\\\/www.joaquinlois.com\"],\"url\":\"https:\\\/\\\/joaquinlois.com\\\/proyectoclarin\\\/author\\\/admin\\\/\"}]}<\/script>\n<!-- \/ Yoast SEO plugin. -->","yoast_head_json":{"title":"Clar\u00edn Opus III - Proyecto Clar\u00edn","robots":{"index":"noindex","follow":"follow","max-snippet":"max-snippet:-1","max-image-preview":"max-image-preview:large","max-video-preview":"max-video-preview:-1"},"og_locale":"es_ES","og_type":"article","og_title":"Clar\u00edn Opus III - Proyecto Clar\u00edn","og_description":"Clar\u00edn Opus III responde al modelo tomado para el Opus I pero con alguna variaci\u00f3n , ajust\u00e1ndose a las caracter\u00edsticas del lugar de destino y las inquietudes musicales de la propiedad. La madera de cedro en todos los elementos mec\u00e1nicos y ornamentales le dan un car\u00e1cter m\u00e1s parecido a los \u00f3rganos del siglo XVIII que en Castilla quedaron sin policromar y que con el paso de los siglos la madera de pino blanco ha tomado un tono tostado de gran belleza. Tambi\u00e9n pensado para climas y condiciones en los que conviene preservar los instrumentos de ataques de xil\u00f3fagos y otros agentes nocivos para la madera.","og_url":"https:\/\/joaquinlois.com\/proyectoclarin\/clarin-opus-iii\/","og_site_name":"Proyecto Clar\u00edn","article_published_time":"2017-04-08T00:10:25+00:00","article_modified_time":"2022-06-01T19:41:16+00:00","og_image":[{"width":800,"height":1200,"url":"https:\/\/joaquinlois.com\/proyectoclarin\/wp-content\/uploads\/sites\/4\/2022\/06\/Opus-III-Un-organo-barroco-espanol.jpg","type":"image\/jpeg"}],"author":"admin","twitter_card":"summary_large_image","twitter_misc":{"Escrito por":"admin"},"schema":{"@context":"https:\/\/schema.org","@graph":[{"@type":"Article","@id":"https:\/\/joaquinlois.com\/proyectoclarin\/clarin-opus-iii\/#article","isPartOf":{"@id":"https:\/\/joaquinlois.com\/proyectoclarin\/clarin-opus-iii\/"},"author":{"name":"admin","@id":"https:\/\/joaquinlois.com\/proyectoclarin\/#\/schema\/person\/91b02054a0a8f4c46cc3753e6417987a"},"headline":"Clar\u00edn Opus III","datePublished":"2017-04-08T00:10:25+00:00","dateModified":"2022-06-01T19:41:16+00:00","mainEntityOfPage":{"@id":"https:\/\/joaquinlois.com\/proyectoclarin\/clarin-opus-iii\/"},"wordCount":4,"commentCount":0,"image":{"@id":"https:\/\/joaquinlois.com\/proyectoclarin\/clarin-opus-iii\/#primaryimage"},"thumbnailUrl":"https:\/\/joaquinlois.com\/proyectoclarin\/wp-content\/uploads\/sites\/4\/2022\/06\/Opus-III-Un-organo-barroco-espanol.jpg","articleSection":["Sin categor\u00eda @en"],"inLanguage":"es","potentialAction":[{"@type":"CommentAction","name":"Comment","target":["https:\/\/joaquinlois.com\/proyectoclarin\/clarin-opus-iii\/#respond"]}]},{"@type":"WebPage","@id":"https:\/\/joaquinlois.com\/proyectoclarin\/clarin-opus-iii\/","url":"https:\/\/joaquinlois.com\/proyectoclarin\/clarin-opus-iii\/","name":"Clar\u00edn Opus III - Proyecto Clar\u00edn","isPartOf":{"@id":"https:\/\/joaquinlois.com\/proyectoclarin\/#website"},"primaryImageOfPage":{"@id":"https:\/\/joaquinlois.com\/proyectoclarin\/clarin-opus-iii\/#primaryimage"},"image":{"@id":"https:\/\/joaquinlois.com\/proyectoclarin\/clarin-opus-iii\/#primaryimage"},"thumbnailUrl":"https:\/\/joaquinlois.com\/proyectoclarin\/wp-content\/uploads\/sites\/4\/2022\/06\/Opus-III-Un-organo-barroco-espanol.jpg","datePublished":"2017-04-08T00:10:25+00:00","dateModified":"2022-06-01T19:41:16+00:00","author":{"@id":"https:\/\/joaquinlois.com\/proyectoclarin\/#\/schema\/person\/91b02054a0a8f4c46cc3753e6417987a"},"inLanguage":"es","potentialAction":[{"@type":"ReadAction","target":["https:\/\/joaquinlois.com\/proyectoclarin\/clarin-opus-iii\/"]}]},{"@type":"ImageObject","inLanguage":"es","@id":"https:\/\/joaquinlois.com\/proyectoclarin\/clarin-opus-iii\/#primaryimage","url":"https:\/\/joaquinlois.com\/proyectoclarin\/wp-content\/uploads\/sites\/4\/2022\/06\/Opus-III-Un-organo-barroco-espanol.jpg","contentUrl":"https:\/\/joaquinlois.com\/proyectoclarin\/wp-content\/uploads\/sites\/4\/2022\/06\/Opus-III-Un-organo-barroco-espanol.jpg","width":800,"height":1200},{"@type":"WebSite","@id":"https:\/\/joaquinlois.com\/proyectoclarin\/#website","url":"https:\/\/joaquinlois.com\/proyectoclarin\/","name":"Proyecto Clar\u00edn","description":"Un \u00d3rgano Barroco Castellano","potentialAction":[{"@type":"SearchAction","target":{"@type":"EntryPoint","urlTemplate":"https:\/\/joaquinlois.com\/proyectoclarin\/?s={search_term_string}"},"query-input":{"@type":"PropertyValueSpecification","valueRequired":true,"valueName":"search_term_string"}}],"inLanguage":"es"},{"@type":"Person","@id":"https:\/\/joaquinlois.com\/proyectoclarin\/#\/schema\/person\/91b02054a0a8f4c46cc3753e6417987a","name":"admin","sameAs":["https:\/\/www.joaquinlois.com"],"url":"https:\/\/joaquinlois.com\/proyectoclarin\/author\/admin\/"}]}},"_links":{"self":[{"href":"https:\/\/joaquinlois.com\/proyectoclarin\/wp-json\/wp\/v2\/posts\/299","targetHints":{"allow":["GET"]}}],"collection":[{"href":"https:\/\/joaquinlois.com\/proyectoclarin\/wp-json\/wp\/v2\/posts"}],"about":[{"href":"https:\/\/joaquinlois.com\/proyectoclarin\/wp-json\/wp\/v2\/types\/post"}],"author":[{"embeddable":true,"href":"https:\/\/joaquinlois.com\/proyectoclarin\/wp-json\/wp\/v2\/users\/1"}],"replies":[{"embeddable":true,"href":"https:\/\/joaquinlois.com\/proyectoclarin\/wp-json\/wp\/v2\/comments?post=299"}],"version-history":[{"count":2,"href":"https:\/\/joaquinlois.com\/proyectoclarin\/wp-json\/wp\/v2\/posts\/299\/revisions"}],"predecessor-version":[{"id":1118,"href":"https:\/\/joaquinlois.com\/proyectoclarin\/wp-json\/wp\/v2\/posts\/299\/revisions\/1118"}],"wp:featuredmedia":[{"embeddable":true,"href":"https:\/\/joaquinlois.com\/proyectoclarin\/wp-json\/wp\/v2\/media\/946"}],"wp:attachment":[{"href":"https:\/\/joaquinlois.com\/proyectoclarin\/wp-json\/wp\/v2\/media?parent=299"}],"wp:term":[{"taxonomy":"category","embeddable":true,"href":"https:\/\/joaquinlois.com\/proyectoclarin\/wp-json\/wp\/v2\/categories?post=299"},{"taxonomy":"post_tag","embeddable":true,"href":"https:\/\/joaquinlois.com\/proyectoclarin\/wp-json\/wp\/v2\/tags?post=299"}],"curies":[{"name":"wp","href":"https:\/\/api.w.org\/{rel}","templated":true}]}}