{"id":180,"date":"2017-04-06T15:27:27","date_gmt":"2017-04-06T15:27:27","guid":{"rendered":"https:\/\/joaquinlois.com\/proyectoclarin\/?p=180"},"modified":"2022-06-02T13:00:48","modified_gmt":"2022-06-02T13:00:48","slug":"antiguo-el-organo-de-la-parroquia-de-marugan-segovia","status":"publish","type":"post","link":"https:\/\/joaquinlois.com\/proyectoclarin\/antiguo-el-organo-de-la-parroquia-de-marugan-segovia\/","title":{"rendered":"El \u00d3rgano de <br>la Parroquia de Marug\u00e1n <br><small>(Segovia)<\/small>"},"content":{"rendered":"<hr \/>\n<p>Consta de un teclado manual de 45 notas con octava corta y 8 medios registros a cada mano. La divisi\u00f3n del teclado es la tradicional entre el Do y Do#3.<\/p>\n<p>La composici\u00f3n es cl\u00e1sica de su escuela con un lleno con base en un<span class=\"negritaroja\"> V<\/span><span class=\"negrita\">iol\u00f3n de trece<\/span>,\u00a0<span class=\"negritaroja\"> F<\/span><span class=\"negrita\">lautado de 6 \u00bd<\/span> en fachada y la peculiaridad de la <span class=\"negritaroja\">D<\/span><span class=\"negrita\">iecisetena<\/span> de mano izquierda.<br \/>\nComo registro solista, una presente corneta de mano derecha y el remate t\u00edmbrico y pl\u00e1stico lo conforman la leng\u00fceter\u00eda de fachada: <span class=\"negritaroja\">B<\/span><span class=\"negrita\">ajoncillo<\/span> y <span class=\"negritaroja\">C<\/span><span class=\"negrita\">lar\u00edn<\/span>.<\/p>\n<p>Los timbales en Re y en La proporcionan un adorno muy caracter\u00edstico.<\/p>\n<p>Su diapas\u00f3n es de 410 Hz y el temperamento es el Mesot\u00f3nico cl\u00e1sico.<\/p>\n<div id=\"foto_secreto\">\n<figure style=\"width: 1338px\" class=\"wp-caption alignnone\"><a href=\"https:\/\/joaquinlois.com\/proyectoclarin\/wp-content\/themes\/proyectoclarin\/images\/foto_marugan_2.jpg\" target=\"_blank\" rel=\"noopener noreferrer\"><img loading=\"lazy\" decoding=\"async\" src=\"https:\/\/joaquinlois.com\/proyectoclarin\/wp-content\/uploads\/sites\/4\/2022\/06\/foto_marugan_secreto_1_p.jpg\" alt=\"Tuber\u00eda\" width=\"1338\" height=\"319\" \/><\/a><figcaption class=\"wp-caption-text\">Secreto del \u00d3rgano de la parroquia de Marug\u00e1n<\/figcaption><\/figure>\n<\/div>\n<p><strong>La \u201cm\u00e1quina\u201d<\/strong> es de la hechura tradicional en los \u00f3rganos castellanos con mec\u00e1nica suspendida y secreto de correderas.<\/p>\n<p>Los caracter\u00edsticos tablones acanalados distribuyen el viento a los juegos de fachada.<\/p>\n<div id=\"foto_secreto\">\n<figure style=\"width: 1338px\" class=\"wp-caption alignnone\"><a href=\"https:\/\/joaquinlois.com\/proyectoclarin\/wp-content\/uploads\/sites\/4\/2022\/06\/foto_marugan_tablones_1.jpg\" target=\"_blank\" rel=\"noopener noreferrer\"><img loading=\"lazy\" decoding=\"async\" src=\"https:\/\/joaquinlois.com\/proyectoclarin\/wp-content\/themes\/proyectoclarin\/images\/foto_marugan_tablones_1_p.jpg\" alt=\"Tuber\u00eda\" width=\"1338\" height=\"319\" \/><\/a><figcaption class=\"wp-caption-text\">Tablones acanalados<\/figcaption><\/figure>\n<\/div>\n<p><span class=\"negrita\">La consola<\/span>, de ventana, aloja un teclado de hueso con sobria decoraci\u00f3n y pomos torneados en madera de boj.<\/p>\n<div id=\"barracierreroja\"><\/div>\n<p>La <span class=\"negrita\">alimentaci\u00f3n del viento<\/span> se compone de tres fuelles de cu\u00f1a que se accionan manualmente. Presi\u00f3n del viento 60 mm. c.a.<\/p>\n<p><strong>La tuber\u00eda<\/strong> es de aleaci\u00f3n de esta\u00f1o plomo (50%) a excepci\u00f3n de la primera octava del <strong>Flautado viol\u00f3n<\/strong> y los <strong>Timbales<\/strong> que son de madera. Su hechura es de gran solidez y muy caracter\u00edstica de su escuela.<\/p>\n<div id=\"foto_secreto\">\n<figure style=\"width: 1338px\" class=\"wp-caption alignnone\"><img loading=\"lazy\" decoding=\"async\" src=\"https:\/\/joaquinlois.com\/proyectoclarin\/wp-content\/uploads\/sites\/4\/2022\/06\/foto_tuberia3.jpg\" alt=\"Tuber\u00eda\" width=\"1338\" height=\"319\" \/><figcaption class=\"wp-caption-text\">Tuber\u00eda<\/figcaption><\/figure>\n<\/div>\n<p><strong>El mueble<\/strong> es proporcionado al instrumento y responde al estilo del momento en la ornamentaci\u00f3n. En cambio la policrom\u00eda debi\u00f3 realizarse muchos a\u00f1os despu\u00e9s por lo que el estilo y calidad de la pintura no se corresponde con la construcci\u00f3n del instrumento.<\/p>\n<div id=\"foto_secreto\">\n<figure style=\"width: 1338px\" class=\"wp-caption alignnone\"><a href=\"https:\/\/joaquinlois.com\/proyectoclarin\/wp-content\/uploads\/sites\/4\/2022\/06\/foto_marugan_mueble.jpg\" target=\"_blank\" rel=\"noopener noreferrer\"><img loading=\"lazy\" decoding=\"async\" src=\"https:\/\/joaquinlois.com\/proyectoclarin\/wp-content\/uploads\/sites\/4\/2022\/06\/foto_marugan_mueble_p.jpg\" alt=\"Detalles mueble del \u00d3rgano de Marug\u00e1n\" width=\"1338\" height=\"319\" \/><\/a><figcaption class=\"wp-caption-text\">Detalle Pintura, tallas y mueble<\/figcaption><\/figure>\n<\/div>\n<p>Dos versiones son frecuentes en la decoraci\u00f3n de los \u00f3rganos en el s. XVIII, la m\u00e1s com\u00fan, fondos y pa\u00f1os lisos jaspeados en colores y la talla y molduras doradas. Otra\u00a0era dejar el mueble en madera hasta disponer de medios para su decoraci\u00f3n, de esta forma han llegado a nuestros d\u00edas bell\u00edsimas cajas.<\/p>\n<p>Otras veces la policrom\u00eda se hace muchos a\u00f1os despu\u00e9s de la construcci\u00f3n del \u00f3rgano siendo en estos casos la inspiraci\u00f3n y calidad, la del momento en que se decora. Es el caso de la caja de Marug\u00e1n.<\/p>\n<p>Est\u00e1 ubicado en un balc\u00f3n lateral del coro (colocaci\u00f3n habitual de los \u00f3rganos en Castilla), lado norte, y la iglesia es de peque\u00f1as dimensiones, en buena proporci\u00f3n con el \u00f3rgano, de tres naves y cabecera, con suelos de piedra, paredes enlucidas y artesonados de madera en el techo, resultando una ac\u00fastica id\u00f3nea para este \u00f3rgano.<\/p>\n<p>Por todos estos rasgos apreciamos que se trata de un austero \u00f3rgano castellano pero que no renuncia de ninguno de los rasgos que debe de tener un instrumento de su tiempo tanto en su disposici\u00f3n como en su aspecto pl\u00e1stico, lo que nos da una idea de las prioridades y escala de valores del momento hist\u00f3rico.<\/p>\n","protected":false},"excerpt":{"rendered":"<p>Introducci\u00f3n al \u00f3rgano de Marugan<\/p>\n","protected":false},"author":1,"featured_media":1072,"comment_status":"open","ping_status":"open","sticky":false,"template":"","format":"standard","meta":{"_acf_changed":false,"footnotes":""},"categories":[13],"tags":[],"class_list":["post-180","post","type-post","status-publish","format-standard","has-post-thumbnail","hentry","category-sin-categoria"],"acf":[],"yoast_head":"<!-- This site is optimized with the Yoast SEO plugin v27.3 - https:\/\/yoast.com\/product\/yoast-seo-wordpress\/ -->\n<title>El \u00d3rgano de la Parroquia de Marug\u00e1n (Segovia) - Proyecto Clar\u00edn<\/title>\n<meta name=\"robots\" content=\"noindex, follow, max-snippet:-1, max-image-preview:large, max-video-preview:-1\" \/>\n<meta property=\"og:locale\" content=\"es_ES\" \/>\n<meta property=\"og:type\" content=\"article\" \/>\n<meta property=\"og:title\" content=\"El \u00d3rgano de la Parroquia de Marug\u00e1n (Segovia) - Proyecto Clar\u00edn\" \/>\n<meta property=\"og:description\" content=\"Introducci\u00f3n al \u00f3rgano de Marugan\" \/>\n<meta property=\"og:url\" content=\"https:\/\/joaquinlois.com\/proyectoclarin\/antiguo-el-organo-de-la-parroquia-de-marugan-segovia\/\" \/>\n<meta property=\"og:site_name\" content=\"Proyecto Clar\u00edn\" \/>\n<meta property=\"article:published_time\" content=\"2017-04-06T15:27:27+00:00\" \/>\n<meta property=\"article:modified_time\" content=\"2022-06-02T13:00:48+00:00\" \/>\n<meta property=\"og:image\" content=\"https:\/\/joaquinlois.com\/proyectoclarin\/wp-content\/uploads\/sites\/4\/2022\/06\/foto_marugan_1.jpg\" \/>\n\t<meta property=\"og:image:width\" content=\"490\" \/>\n\t<meta property=\"og:image:height\" content=\"751\" \/>\n\t<meta property=\"og:image:type\" content=\"image\/jpeg\" \/>\n<meta name=\"author\" content=\"admin\" \/>\n<meta name=\"twitter:card\" content=\"summary_large_image\" \/>\n<meta name=\"twitter:label1\" content=\"Escrito por\" \/>\n\t<meta name=\"twitter:data1\" content=\"admin\" \/>\n\t<meta name=\"twitter:label2\" content=\"Tiempo de lectura\" \/>\n\t<meta name=\"twitter:data2\" content=\"3 minutos\" \/>\n<script type=\"application\/ld+json\" class=\"yoast-schema-graph\">{\"@context\":\"https:\\\/\\\/schema.org\",\"@graph\":[{\"@type\":\"Article\",\"@id\":\"https:\\\/\\\/joaquinlois.com\\\/proyectoclarin\\\/antiguo-el-organo-de-la-parroquia-de-marugan-segovia\\\/#article\",\"isPartOf\":{\"@id\":\"https:\\\/\\\/joaquinlois.com\\\/proyectoclarin\\\/antiguo-el-organo-de-la-parroquia-de-marugan-segovia\\\/\"},\"author\":{\"name\":\"admin\",\"@id\":\"https:\\\/\\\/joaquinlois.com\\\/proyectoclarin\\\/#\\\/schema\\\/person\\\/91b02054a0a8f4c46cc3753e6417987a\"},\"headline\":\"El \u00d3rgano de la Parroquia de Marug\u00e1n (Segovia)\",\"datePublished\":\"2017-04-06T15:27:27+00:00\",\"dateModified\":\"2022-06-02T13:00:48+00:00\",\"mainEntityOfPage\":{\"@id\":\"https:\\\/\\\/joaquinlois.com\\\/proyectoclarin\\\/antiguo-el-organo-de-la-parroquia-de-marugan-segovia\\\/\"},\"wordCount\":565,\"commentCount\":0,\"image\":{\"@id\":\"https:\\\/\\\/joaquinlois.com\\\/proyectoclarin\\\/antiguo-el-organo-de-la-parroquia-de-marugan-segovia\\\/#primaryimage\"},\"thumbnailUrl\":\"https:\\\/\\\/joaquinlois.com\\\/proyectoclarin\\\/wp-content\\\/uploads\\\/sites\\\/4\\\/2022\\\/06\\\/foto_marugan_1.jpg\",\"inLanguage\":\"es\",\"potentialAction\":[{\"@type\":\"CommentAction\",\"name\":\"Comment\",\"target\":[\"https:\\\/\\\/joaquinlois.com\\\/proyectoclarin\\\/antiguo-el-organo-de-la-parroquia-de-marugan-segovia\\\/#respond\"]}]},{\"@type\":\"WebPage\",\"@id\":\"https:\\\/\\\/joaquinlois.com\\\/proyectoclarin\\\/antiguo-el-organo-de-la-parroquia-de-marugan-segovia\\\/\",\"url\":\"https:\\\/\\\/joaquinlois.com\\\/proyectoclarin\\\/antiguo-el-organo-de-la-parroquia-de-marugan-segovia\\\/\",\"name\":\"El \u00d3rgano de la Parroquia de Marug\u00e1n (Segovia) - Proyecto Clar\u00edn\",\"isPartOf\":{\"@id\":\"https:\\\/\\\/joaquinlois.com\\\/proyectoclarin\\\/#website\"},\"primaryImageOfPage\":{\"@id\":\"https:\\\/\\\/joaquinlois.com\\\/proyectoclarin\\\/antiguo-el-organo-de-la-parroquia-de-marugan-segovia\\\/#primaryimage\"},\"image\":{\"@id\":\"https:\\\/\\\/joaquinlois.com\\\/proyectoclarin\\\/antiguo-el-organo-de-la-parroquia-de-marugan-segovia\\\/#primaryimage\"},\"thumbnailUrl\":\"https:\\\/\\\/joaquinlois.com\\\/proyectoclarin\\\/wp-content\\\/uploads\\\/sites\\\/4\\\/2022\\\/06\\\/foto_marugan_1.jpg\",\"datePublished\":\"2017-04-06T15:27:27+00:00\",\"dateModified\":\"2022-06-02T13:00:48+00:00\",\"author\":{\"@id\":\"https:\\\/\\\/joaquinlois.com\\\/proyectoclarin\\\/#\\\/schema\\\/person\\\/91b02054a0a8f4c46cc3753e6417987a\"},\"inLanguage\":\"es\",\"potentialAction\":[{\"@type\":\"ReadAction\",\"target\":[\"https:\\\/\\\/joaquinlois.com\\\/proyectoclarin\\\/antiguo-el-organo-de-la-parroquia-de-marugan-segovia\\\/\"]}]},{\"@type\":\"ImageObject\",\"inLanguage\":\"es\",\"@id\":\"https:\\\/\\\/joaquinlois.com\\\/proyectoclarin\\\/antiguo-el-organo-de-la-parroquia-de-marugan-segovia\\\/#primaryimage\",\"url\":\"https:\\\/\\\/joaquinlois.com\\\/proyectoclarin\\\/wp-content\\\/uploads\\\/sites\\\/4\\\/2022\\\/06\\\/foto_marugan_1.jpg\",\"contentUrl\":\"https:\\\/\\\/joaquinlois.com\\\/proyectoclarin\\\/wp-content\\\/uploads\\\/sites\\\/4\\\/2022\\\/06\\\/foto_marugan_1.jpg\",\"width\":490,\"height\":751},{\"@type\":\"WebSite\",\"@id\":\"https:\\\/\\\/joaquinlois.com\\\/proyectoclarin\\\/#website\",\"url\":\"https:\\\/\\\/joaquinlois.com\\\/proyectoclarin\\\/\",\"name\":\"Proyecto Clar\u00edn\",\"description\":\"Un \u00d3rgano Barroco Castellano\",\"potentialAction\":[{\"@type\":\"SearchAction\",\"target\":{\"@type\":\"EntryPoint\",\"urlTemplate\":\"https:\\\/\\\/joaquinlois.com\\\/proyectoclarin\\\/?s={search_term_string}\"},\"query-input\":{\"@type\":\"PropertyValueSpecification\",\"valueRequired\":true,\"valueName\":\"search_term_string\"}}],\"inLanguage\":\"es\"},{\"@type\":\"Person\",\"@id\":\"https:\\\/\\\/joaquinlois.com\\\/proyectoclarin\\\/#\\\/schema\\\/person\\\/91b02054a0a8f4c46cc3753e6417987a\",\"name\":\"admin\",\"sameAs\":[\"https:\\\/\\\/www.joaquinlois.com\"],\"url\":\"https:\\\/\\\/joaquinlois.com\\\/proyectoclarin\\\/author\\\/admin\\\/\"}]}<\/script>\n<!-- \/ Yoast SEO plugin. -->","yoast_head_json":{"title":"El \u00d3rgano de la Parroquia de Marug\u00e1n (Segovia) - Proyecto Clar\u00edn","robots":{"index":"noindex","follow":"follow","max-snippet":"max-snippet:-1","max-image-preview":"max-image-preview:large","max-video-preview":"max-video-preview:-1"},"og_locale":"es_ES","og_type":"article","og_title":"El \u00d3rgano de la Parroquia de Marug\u00e1n (Segovia) - Proyecto Clar\u00edn","og_description":"Introducci\u00f3n al \u00f3rgano de Marugan","og_url":"https:\/\/joaquinlois.com\/proyectoclarin\/antiguo-el-organo-de-la-parroquia-de-marugan-segovia\/","og_site_name":"Proyecto Clar\u00edn","article_published_time":"2017-04-06T15:27:27+00:00","article_modified_time":"2022-06-02T13:00:48+00:00","og_image":[{"width":490,"height":751,"url":"https:\/\/joaquinlois.com\/proyectoclarin\/wp-content\/uploads\/sites\/4\/2022\/06\/foto_marugan_1.jpg","type":"image\/jpeg"}],"author":"admin","twitter_card":"summary_large_image","twitter_misc":{"Escrito por":"admin","Tiempo de lectura":"3 minutos"},"schema":{"@context":"https:\/\/schema.org","@graph":[{"@type":"Article","@id":"https:\/\/joaquinlois.com\/proyectoclarin\/antiguo-el-organo-de-la-parroquia-de-marugan-segovia\/#article","isPartOf":{"@id":"https:\/\/joaquinlois.com\/proyectoclarin\/antiguo-el-organo-de-la-parroquia-de-marugan-segovia\/"},"author":{"name":"admin","@id":"https:\/\/joaquinlois.com\/proyectoclarin\/#\/schema\/person\/91b02054a0a8f4c46cc3753e6417987a"},"headline":"El \u00d3rgano de la Parroquia de Marug\u00e1n (Segovia)","datePublished":"2017-04-06T15:27:27+00:00","dateModified":"2022-06-02T13:00:48+00:00","mainEntityOfPage":{"@id":"https:\/\/joaquinlois.com\/proyectoclarin\/antiguo-el-organo-de-la-parroquia-de-marugan-segovia\/"},"wordCount":565,"commentCount":0,"image":{"@id":"https:\/\/joaquinlois.com\/proyectoclarin\/antiguo-el-organo-de-la-parroquia-de-marugan-segovia\/#primaryimage"},"thumbnailUrl":"https:\/\/joaquinlois.com\/proyectoclarin\/wp-content\/uploads\/sites\/4\/2022\/06\/foto_marugan_1.jpg","inLanguage":"es","potentialAction":[{"@type":"CommentAction","name":"Comment","target":["https:\/\/joaquinlois.com\/proyectoclarin\/antiguo-el-organo-de-la-parroquia-de-marugan-segovia\/#respond"]}]},{"@type":"WebPage","@id":"https:\/\/joaquinlois.com\/proyectoclarin\/antiguo-el-organo-de-la-parroquia-de-marugan-segovia\/","url":"https:\/\/joaquinlois.com\/proyectoclarin\/antiguo-el-organo-de-la-parroquia-de-marugan-segovia\/","name":"El \u00d3rgano de la Parroquia de Marug\u00e1n (Segovia) - Proyecto Clar\u00edn","isPartOf":{"@id":"https:\/\/joaquinlois.com\/proyectoclarin\/#website"},"primaryImageOfPage":{"@id":"https:\/\/joaquinlois.com\/proyectoclarin\/antiguo-el-organo-de-la-parroquia-de-marugan-segovia\/#primaryimage"},"image":{"@id":"https:\/\/joaquinlois.com\/proyectoclarin\/antiguo-el-organo-de-la-parroquia-de-marugan-segovia\/#primaryimage"},"thumbnailUrl":"https:\/\/joaquinlois.com\/proyectoclarin\/wp-content\/uploads\/sites\/4\/2022\/06\/foto_marugan_1.jpg","datePublished":"2017-04-06T15:27:27+00:00","dateModified":"2022-06-02T13:00:48+00:00","author":{"@id":"https:\/\/joaquinlois.com\/proyectoclarin\/#\/schema\/person\/91b02054a0a8f4c46cc3753e6417987a"},"inLanguage":"es","potentialAction":[{"@type":"ReadAction","target":["https:\/\/joaquinlois.com\/proyectoclarin\/antiguo-el-organo-de-la-parroquia-de-marugan-segovia\/"]}]},{"@type":"ImageObject","inLanguage":"es","@id":"https:\/\/joaquinlois.com\/proyectoclarin\/antiguo-el-organo-de-la-parroquia-de-marugan-segovia\/#primaryimage","url":"https:\/\/joaquinlois.com\/proyectoclarin\/wp-content\/uploads\/sites\/4\/2022\/06\/foto_marugan_1.jpg","contentUrl":"https:\/\/joaquinlois.com\/proyectoclarin\/wp-content\/uploads\/sites\/4\/2022\/06\/foto_marugan_1.jpg","width":490,"height":751},{"@type":"WebSite","@id":"https:\/\/joaquinlois.com\/proyectoclarin\/#website","url":"https:\/\/joaquinlois.com\/proyectoclarin\/","name":"Proyecto Clar\u00edn","description":"Un \u00d3rgano Barroco Castellano","potentialAction":[{"@type":"SearchAction","target":{"@type":"EntryPoint","urlTemplate":"https:\/\/joaquinlois.com\/proyectoclarin\/?s={search_term_string}"},"query-input":{"@type":"PropertyValueSpecification","valueRequired":true,"valueName":"search_term_string"}}],"inLanguage":"es"},{"@type":"Person","@id":"https:\/\/joaquinlois.com\/proyectoclarin\/#\/schema\/person\/91b02054a0a8f4c46cc3753e6417987a","name":"admin","sameAs":["https:\/\/www.joaquinlois.com"],"url":"https:\/\/joaquinlois.com\/proyectoclarin\/author\/admin\/"}]}},"_links":{"self":[{"href":"https:\/\/joaquinlois.com\/proyectoclarin\/wp-json\/wp\/v2\/posts\/180","targetHints":{"allow":["GET"]}}],"collection":[{"href":"https:\/\/joaquinlois.com\/proyectoclarin\/wp-json\/wp\/v2\/posts"}],"about":[{"href":"https:\/\/joaquinlois.com\/proyectoclarin\/wp-json\/wp\/v2\/types\/post"}],"author":[{"embeddable":true,"href":"https:\/\/joaquinlois.com\/proyectoclarin\/wp-json\/wp\/v2\/users\/1"}],"replies":[{"embeddable":true,"href":"https:\/\/joaquinlois.com\/proyectoclarin\/wp-json\/wp\/v2\/comments?post=180"}],"version-history":[{"count":5,"href":"https:\/\/joaquinlois.com\/proyectoclarin\/wp-json\/wp\/v2\/posts\/180\/revisions"}],"predecessor-version":[{"id":1245,"href":"https:\/\/joaquinlois.com\/proyectoclarin\/wp-json\/wp\/v2\/posts\/180\/revisions\/1245"}],"wp:featuredmedia":[{"embeddable":true,"href":"https:\/\/joaquinlois.com\/proyectoclarin\/wp-json\/wp\/v2\/media\/1072"}],"wp:attachment":[{"href":"https:\/\/joaquinlois.com\/proyectoclarin\/wp-json\/wp\/v2\/media?parent=180"}],"wp:term":[{"taxonomy":"category","embeddable":true,"href":"https:\/\/joaquinlois.com\/proyectoclarin\/wp-json\/wp\/v2\/categories?post=180"},{"taxonomy":"post_tag","embeddable":true,"href":"https:\/\/joaquinlois.com\/proyectoclarin\/wp-json\/wp\/v2\/tags?post=180"}],"curies":[{"name":"wp","href":"https:\/\/api.w.org\/{rel}","templated":true}]}}