{"id":1198,"date":"2017-04-08T00:10:25","date_gmt":"2017-04-08T00:10:25","guid":{"rendered":"https:\/\/joaquinlois.com\/proyectoclarin\/clarin-opus-iii\/"},"modified":"2017-04-08T00:10:25","modified_gmt":"2017-04-08T00:10:25","slug":"clarin-opus-iii","status":"publish","type":"post","link":"https:\/\/joaquinlois.com\/proyectoclarin\/de\/clarin-opus-iii\/","title":{"rendered":"Clar\u00edn Opus III"},"content":{"rendered":"","protected":false},"excerpt":{"rendered":"<p>The Clar\u00edn Opus III is based on the same model in which the Opus I is based, but it has some variations, which allow it to adapt to the characteristics of the destination location and the musical interests of the owner. All of the mechanical and ornamental elements are made of cedar wood, which provide a character similar to that of those Castilian organs from the 18th century without polychromy whose Aleppo pine wood has acquired a very beautiful darker tone over the centuries. Moreover, it has been designed for weathers and conditions where instruments must be preserved against attacks from xylophagous insects and other damaging elements for the wood.<\/p>\n","protected":false},"author":1,"featured_media":948,"comment_status":"open","ping_status":"open","sticky":false,"template":"","format":"standard","meta":{"_acf_changed":false,"footnotes":""},"categories":[22,2,3],"tags":[],"class_list":["post-1198","post","type-post","status-publish","format-standard","has-post-thumbnail","hentry","category-sin-categoria-en-en","category-uncategorized","category-unkategorisiert"],"acf":[],"yoast_head":"<!-- This site is optimized with the Yoast SEO plugin v27.3 - https:\/\/yoast.com\/product\/yoast-seo-wordpress\/ -->\n<title>Clar\u00edn Opus III - Proyecto Clar\u00edn<\/title>\n<meta name=\"robots\" content=\"noindex, follow, max-snippet:-1, max-image-preview:large, max-video-preview:-1\" \/>\n<meta property=\"og:locale\" content=\"de_DE\" \/>\n<meta property=\"og:type\" content=\"article\" \/>\n<meta property=\"og:title\" content=\"Clar\u00edn Opus III - Proyecto Clar\u00edn\" \/>\n<meta property=\"og:description\" content=\"The Clar\u00edn Opus III is based on the same model in which the Opus I is based, but it has some variations, which allow it to adapt to the characteristics of the destination location and the musical interests of the owner. All of the mechanical and ornamental elements are made of cedar wood, which provide a character similar to that of those Castilian organs from the 18th century without polychromy whose Aleppo pine wood has acquired a very beautiful darker tone over the centuries. Moreover, it has been designed for weathers and conditions where instruments must be preserved against attacks from xylophagous insects and other damaging elements for the wood.\" \/>\n<meta property=\"og:url\" content=\"https:\/\/joaquinlois.com\/proyectoclarin\/de\/clarin-opus-iii\/\" \/>\n<meta property=\"og:site_name\" content=\"Proyecto Clar\u00edn\" \/>\n<meta property=\"article:published_time\" content=\"2017-04-08T00:10:25+00:00\" \/>\n<meta name=\"author\" content=\"admin\" \/>\n<meta name=\"twitter:card\" content=\"summary_large_image\" \/>\n<meta name=\"twitter:label1\" content=\"Verfasst von\" \/>\n\t<meta name=\"twitter:data1\" content=\"admin\" \/>\n<script type=\"application\/ld+json\" class=\"yoast-schema-graph\">{\"@context\":\"https:\\\/\\\/schema.org\",\"@graph\":[{\"@type\":\"Article\",\"@id\":\"https:\\\/\\\/joaquinlois.com\\\/proyectoclarin\\\/de\\\/clarin-opus-iii\\\/#article\",\"isPartOf\":{\"@id\":\"https:\\\/\\\/joaquinlois.com\\\/proyectoclarin\\\/de\\\/clarin-opus-iii\\\/\"},\"author\":{\"name\":\"admin\",\"@id\":\"https:\\\/\\\/joaquinlois.com\\\/proyectoclarin\\\/#\\\/schema\\\/person\\\/91b02054a0a8f4c46cc3753e6417987a\"},\"headline\":\"Clar\u00edn Opus III\",\"datePublished\":\"2017-04-08T00:10:25+00:00\",\"mainEntityOfPage\":{\"@id\":\"https:\\\/\\\/joaquinlois.com\\\/proyectoclarin\\\/de\\\/clarin-opus-iii\\\/\"},\"wordCount\":4,\"commentCount\":0,\"image\":{\"@id\":\"https:\\\/\\\/joaquinlois.com\\\/proyectoclarin\\\/de\\\/clarin-opus-iii\\\/#primaryimage\"},\"thumbnailUrl\":\"https:\\\/\\\/joaquinlois.com\\\/proyectoclarin\\\/wp-content\\\/uploads\\\/sites\\\/4\\\/2022\\\/06\\\/Opus-III-Un-organo-barroco-espanol.jpg\",\"articleSection\":[\"Sin categor\u00eda @en\",\"Uncategorized\",\"Unkategorisiert\"],\"inLanguage\":\"de\",\"potentialAction\":[{\"@type\":\"CommentAction\",\"name\":\"Comment\",\"target\":[\"https:\\\/\\\/joaquinlois.com\\\/proyectoclarin\\\/de\\\/clarin-opus-iii\\\/#respond\"]}]},{\"@type\":\"WebPage\",\"@id\":\"https:\\\/\\\/joaquinlois.com\\\/proyectoclarin\\\/de\\\/clarin-opus-iii\\\/\",\"url\":\"https:\\\/\\\/joaquinlois.com\\\/proyectoclarin\\\/de\\\/clarin-opus-iii\\\/\",\"name\":\"Clar\u00edn Opus III - Proyecto Clar\u00edn\",\"isPartOf\":{\"@id\":\"https:\\\/\\\/joaquinlois.com\\\/proyectoclarin\\\/#website\"},\"primaryImageOfPage\":{\"@id\":\"https:\\\/\\\/joaquinlois.com\\\/proyectoclarin\\\/de\\\/clarin-opus-iii\\\/#primaryimage\"},\"image\":{\"@id\":\"https:\\\/\\\/joaquinlois.com\\\/proyectoclarin\\\/de\\\/clarin-opus-iii\\\/#primaryimage\"},\"thumbnailUrl\":\"https:\\\/\\\/joaquinlois.com\\\/proyectoclarin\\\/wp-content\\\/uploads\\\/sites\\\/4\\\/2022\\\/06\\\/Opus-III-Un-organo-barroco-espanol.jpg\",\"datePublished\":\"2017-04-08T00:10:25+00:00\",\"author\":{\"@id\":\"https:\\\/\\\/joaquinlois.com\\\/proyectoclarin\\\/#\\\/schema\\\/person\\\/91b02054a0a8f4c46cc3753e6417987a\"},\"inLanguage\":\"de\",\"potentialAction\":[{\"@type\":\"ReadAction\",\"target\":[\"https:\\\/\\\/joaquinlois.com\\\/proyectoclarin\\\/de\\\/clarin-opus-iii\\\/\"]}]},{\"@type\":\"ImageObject\",\"inLanguage\":\"de\",\"@id\":\"https:\\\/\\\/joaquinlois.com\\\/proyectoclarin\\\/de\\\/clarin-opus-iii\\\/#primaryimage\",\"url\":\"https:\\\/\\\/joaquinlois.com\\\/proyectoclarin\\\/wp-content\\\/uploads\\\/sites\\\/4\\\/2022\\\/06\\\/Opus-III-Un-organo-barroco-espanol.jpg\",\"contentUrl\":\"https:\\\/\\\/joaquinlois.com\\\/proyectoclarin\\\/wp-content\\\/uploads\\\/sites\\\/4\\\/2022\\\/06\\\/Opus-III-Un-organo-barroco-espanol.jpg\",\"width\":800,\"height\":1200},{\"@type\":\"WebSite\",\"@id\":\"https:\\\/\\\/joaquinlois.com\\\/proyectoclarin\\\/#website\",\"url\":\"https:\\\/\\\/joaquinlois.com\\\/proyectoclarin\\\/\",\"name\":\"Proyecto Clar\u00edn\",\"description\":\"Un \u00d3rgano Barroco Castellano\",\"potentialAction\":[{\"@type\":\"SearchAction\",\"target\":{\"@type\":\"EntryPoint\",\"urlTemplate\":\"https:\\\/\\\/joaquinlois.com\\\/proyectoclarin\\\/?s={search_term_string}\"},\"query-input\":{\"@type\":\"PropertyValueSpecification\",\"valueRequired\":true,\"valueName\":\"search_term_string\"}}],\"inLanguage\":\"de\"},{\"@type\":\"Person\",\"@id\":\"https:\\\/\\\/joaquinlois.com\\\/proyectoclarin\\\/#\\\/schema\\\/person\\\/91b02054a0a8f4c46cc3753e6417987a\",\"name\":\"admin\",\"sameAs\":[\"https:\\\/\\\/www.joaquinlois.com\"],\"url\":\"https:\\\/\\\/joaquinlois.com\\\/proyectoclarin\\\/de\\\/author\\\/admin\\\/\"}]}<\/script>\n<!-- \/ Yoast SEO plugin. -->","yoast_head_json":{"title":"Clar\u00edn Opus III - Proyecto Clar\u00edn","robots":{"index":"noindex","follow":"follow","max-snippet":"max-snippet:-1","max-image-preview":"max-image-preview:large","max-video-preview":"max-video-preview:-1"},"og_locale":"de_DE","og_type":"article","og_title":"Clar\u00edn Opus III - Proyecto Clar\u00edn","og_description":"The Clar\u00edn Opus III is based on the same model in which the Opus I is based, but it has some variations, which allow it to adapt to the characteristics of the destination location and the musical interests of the owner. All of the mechanical and ornamental elements are made of cedar wood, which provide a character similar to that of those Castilian organs from the 18th century without polychromy whose Aleppo pine wood has acquired a very beautiful darker tone over the centuries. Moreover, it has been designed for weathers and conditions where instruments must be preserved against attacks from xylophagous insects and other damaging elements for the wood.","og_url":"https:\/\/joaquinlois.com\/proyectoclarin\/de\/clarin-opus-iii\/","og_site_name":"Proyecto Clar\u00edn","article_published_time":"2017-04-08T00:10:25+00:00","author":"admin","twitter_card":"summary_large_image","twitter_misc":{"Verfasst von":"admin"},"schema":{"@context":"https:\/\/schema.org","@graph":[{"@type":"Article","@id":"https:\/\/joaquinlois.com\/proyectoclarin\/de\/clarin-opus-iii\/#article","isPartOf":{"@id":"https:\/\/joaquinlois.com\/proyectoclarin\/de\/clarin-opus-iii\/"},"author":{"name":"admin","@id":"https:\/\/joaquinlois.com\/proyectoclarin\/#\/schema\/person\/91b02054a0a8f4c46cc3753e6417987a"},"headline":"Clar\u00edn Opus III","datePublished":"2017-04-08T00:10:25+00:00","mainEntityOfPage":{"@id":"https:\/\/joaquinlois.com\/proyectoclarin\/de\/clarin-opus-iii\/"},"wordCount":4,"commentCount":0,"image":{"@id":"https:\/\/joaquinlois.com\/proyectoclarin\/de\/clarin-opus-iii\/#primaryimage"},"thumbnailUrl":"https:\/\/joaquinlois.com\/proyectoclarin\/wp-content\/uploads\/sites\/4\/2022\/06\/Opus-III-Un-organo-barroco-espanol.jpg","articleSection":["Sin categor\u00eda @en","Uncategorized","Unkategorisiert"],"inLanguage":"de","potentialAction":[{"@type":"CommentAction","name":"Comment","target":["https:\/\/joaquinlois.com\/proyectoclarin\/de\/clarin-opus-iii\/#respond"]}]},{"@type":"WebPage","@id":"https:\/\/joaquinlois.com\/proyectoclarin\/de\/clarin-opus-iii\/","url":"https:\/\/joaquinlois.com\/proyectoclarin\/de\/clarin-opus-iii\/","name":"Clar\u00edn Opus III - Proyecto Clar\u00edn","isPartOf":{"@id":"https:\/\/joaquinlois.com\/proyectoclarin\/#website"},"primaryImageOfPage":{"@id":"https:\/\/joaquinlois.com\/proyectoclarin\/de\/clarin-opus-iii\/#primaryimage"},"image":{"@id":"https:\/\/joaquinlois.com\/proyectoclarin\/de\/clarin-opus-iii\/#primaryimage"},"thumbnailUrl":"https:\/\/joaquinlois.com\/proyectoclarin\/wp-content\/uploads\/sites\/4\/2022\/06\/Opus-III-Un-organo-barroco-espanol.jpg","datePublished":"2017-04-08T00:10:25+00:00","author":{"@id":"https:\/\/joaquinlois.com\/proyectoclarin\/#\/schema\/person\/91b02054a0a8f4c46cc3753e6417987a"},"inLanguage":"de","potentialAction":[{"@type":"ReadAction","target":["https:\/\/joaquinlois.com\/proyectoclarin\/de\/clarin-opus-iii\/"]}]},{"@type":"ImageObject","inLanguage":"de","@id":"https:\/\/joaquinlois.com\/proyectoclarin\/de\/clarin-opus-iii\/#primaryimage","url":"https:\/\/joaquinlois.com\/proyectoclarin\/wp-content\/uploads\/sites\/4\/2022\/06\/Opus-III-Un-organo-barroco-espanol.jpg","contentUrl":"https:\/\/joaquinlois.com\/proyectoclarin\/wp-content\/uploads\/sites\/4\/2022\/06\/Opus-III-Un-organo-barroco-espanol.jpg","width":800,"height":1200},{"@type":"WebSite","@id":"https:\/\/joaquinlois.com\/proyectoclarin\/#website","url":"https:\/\/joaquinlois.com\/proyectoclarin\/","name":"Proyecto Clar\u00edn","description":"Un \u00d3rgano Barroco Castellano","potentialAction":[{"@type":"SearchAction","target":{"@type":"EntryPoint","urlTemplate":"https:\/\/joaquinlois.com\/proyectoclarin\/?s={search_term_string}"},"query-input":{"@type":"PropertyValueSpecification","valueRequired":true,"valueName":"search_term_string"}}],"inLanguage":"de"},{"@type":"Person","@id":"https:\/\/joaquinlois.com\/proyectoclarin\/#\/schema\/person\/91b02054a0a8f4c46cc3753e6417987a","name":"admin","sameAs":["https:\/\/www.joaquinlois.com"],"url":"https:\/\/joaquinlois.com\/proyectoclarin\/de\/author\/admin\/"}]}},"_links":{"self":[{"href":"https:\/\/joaquinlois.com\/proyectoclarin\/de\/wp-json\/wp\/v2\/posts\/1198","targetHints":{"allow":["GET"]}}],"collection":[{"href":"https:\/\/joaquinlois.com\/proyectoclarin\/de\/wp-json\/wp\/v2\/posts"}],"about":[{"href":"https:\/\/joaquinlois.com\/proyectoclarin\/de\/wp-json\/wp\/v2\/types\/post"}],"author":[{"embeddable":true,"href":"https:\/\/joaquinlois.com\/proyectoclarin\/de\/wp-json\/wp\/v2\/users\/1"}],"replies":[{"embeddable":true,"href":"https:\/\/joaquinlois.com\/proyectoclarin\/de\/wp-json\/wp\/v2\/comments?post=1198"}],"version-history":[{"count":0,"href":"https:\/\/joaquinlois.com\/proyectoclarin\/de\/wp-json\/wp\/v2\/posts\/1198\/revisions"}],"wp:featuredmedia":[{"embeddable":true,"href":"https:\/\/joaquinlois.com\/proyectoclarin\/de\/wp-json\/wp\/v2\/media\/948"}],"wp:attachment":[{"href":"https:\/\/joaquinlois.com\/proyectoclarin\/de\/wp-json\/wp\/v2\/media?parent=1198"}],"wp:term":[{"taxonomy":"category","embeddable":true,"href":"https:\/\/joaquinlois.com\/proyectoclarin\/de\/wp-json\/wp\/v2\/categories?post=1198"},{"taxonomy":"post_tag","embeddable":true,"href":"https:\/\/joaquinlois.com\/proyectoclarin\/de\/wp-json\/wp\/v2\/tags?post=1198"}],"curies":[{"name":"wp","href":"https:\/\/api.w.org\/{rel}","templated":true}]}}