{"id":918,"date":"2018-03-25T11:19:07","date_gmt":"2018-03-25T11:19:07","guid":{"rendered":"https:\/\/www.joaquinlois.com\/organo-catedral-segovia\/?p=918"},"modified":"2024-03-12T09:08:51","modified_gmt":"2024-03-12T09:08:51","slug":"interior-del-organo-mayor-y-respaldo","status":"publish","type":"post","link":"https:\/\/joaquinlois.com\/organo-catedral-segovia\/interior-del-organo-mayor-y-respaldo\/","title":{"rendered":"Interior del \u00f3rgano mayor y respaldo"},"content":{"rendered":"\n<h2 class=\"wp-block-heading\">Estado antes de la intervenci\u00f3n<\/h2>\n\n\n\n<iframe loading=\"lazy\" src=\"https:\/\/www.youtube-nocookie.com\/embed\/Bb8xuUu92ig?rel=0&amp;showinfo=0\" width=\"100%\" height=\"500\" frameborder=\"0\" allowfullscreen=\"allowfullscreen\"><\/iframe>\n\n\n\n<blockquote class=\"wp-block-quote is-layout-flow wp-block-quote-is-layout-flow\"><p>La estructura interna del \u00f3rgano mayor y respaldo la encontramos en la disposici\u00f3n original de los secretos y tablones acanalados&nbsp;aunque con algunas modificaciones de superficie.<\/p><\/blockquote>\n\n\n\n<div class=\"wp-block-jetpack-tiled-gallery aligncenter is-style-rectangular\"><div class=\"tiled-gallery__gallery\"><div class=\"tiled-gallery__row\"><div class=\"tiled-gallery__col\" style=\"flex-basis:50.37663%\"><figure class=\"tiled-gallery__item\"><a href=\"https:\/\/i2.wp.com\/joaquinlois.com\/organo-catedral-segovia\/wp-content\/uploads\/sites\/2\/2018\/12\/MG_1248_1-1024x672.jpg?ssl=1\"><img decoding=\"async\" srcset=\"https:\/\/i2.wp.com\/joaquinlois.com\/organo-catedral-segovia\/wp-content\/uploads\/sites\/2\/2018\/12\/MG_1248_1-1024x672.jpg?strip=info&#038;w=600&#038;ssl=1 600w,https:\/\/i2.wp.com\/joaquinlois.com\/organo-catedral-segovia\/wp-content\/uploads\/sites\/2\/2018\/12\/MG_1248_1-1024x672.jpg?strip=info&#038;w=900&#038;ssl=1 900w,https:\/\/i2.wp.com\/joaquinlois.com\/organo-catedral-segovia\/wp-content\/uploads\/sites\/2\/2018\/12\/MG_1248_1-1024x672.jpg?strip=info&#038;w=1100&#038;ssl=1 1100w\" alt=\"\" data-height=\"722\" data-id=\"923\" data-link=\"https:\/\/www.joaquinlois.com\/organo-catedral-segovia\/_mg_1248_1\/\" data-url=\"https:\/\/joaquinlois.com\/organo-catedral-segovia\/wp-content\/uploads\/sites\/2\/2018\/12\/MG_1248_1-1024x672.jpg\" data-width=\"1100\" src=\"https:\/\/i2.wp.com\/joaquinlois.com\/organo-catedral-segovia\/wp-content\/uploads\/sites\/2\/2018\/12\/MG_1248_1-1024x672.jpg?ssl=1\" data-amp-layout=\"responsive\"\/><\/a><\/figure><\/div><div class=\"tiled-gallery__col\" style=\"flex-basis:49.62337%\"><figure class=\"tiled-gallery__item\"><a href=\"https:\/\/i2.wp.com\/joaquinlois.com\/organo-catedral-segovia\/wp-content\/uploads\/sites\/2\/2018\/12\/MG_1259_1-1024x682.jpg?ssl=1\"><img decoding=\"async\" srcset=\"https:\/\/i2.wp.com\/joaquinlois.com\/organo-catedral-segovia\/wp-content\/uploads\/sites\/2\/2018\/12\/MG_1259_1-1024x682.jpg?strip=info&#038;w=600&#038;ssl=1 600w,https:\/\/i2.wp.com\/joaquinlois.com\/organo-catedral-segovia\/wp-content\/uploads\/sites\/2\/2018\/12\/MG_1259_1-1024x682.jpg?strip=info&#038;w=900&#038;ssl=1 900w,https:\/\/i2.wp.com\/joaquinlois.com\/organo-catedral-segovia\/wp-content\/uploads\/sites\/2\/2018\/12\/MG_1259_1-1024x682.jpg?strip=info&#038;w=1100&#038;ssl=1 1100w\" alt=\"\" data-height=\"733\" data-id=\"924\" data-link=\"https:\/\/www.joaquinlois.com\/organo-catedral-segovia\/_mg_1259_1\/\" data-url=\"https:\/\/joaquinlois.com\/organo-catedral-segovia\/wp-content\/uploads\/sites\/2\/2018\/12\/MG_1259_1-1024x682.jpg\" data-width=\"1100\" src=\"https:\/\/i2.wp.com\/joaquinlois.com\/organo-catedral-segovia\/wp-content\/uploads\/sites\/2\/2018\/12\/MG_1259_1-1024x682.jpg?ssl=1\" data-amp-layout=\"responsive\"\/><\/a><\/figure><\/div><\/div><\/div><\/div>\n\n\n\n<blockquote class=\"wp-block-quote is-layout-flow wp-block-quote-is-layout-flow\"><p>Irrumpe la mec\u00e1nica del \u00f3rgano expresivo pero sin modificar la estructura de origen en estos dos teclados.<\/p><\/blockquote>\n\n\n\n<div class=\"wp-block-jetpack-tiled-gallery aligncenter is-style-rectangular\"><div class=\"tiled-gallery__gallery\"><div class=\"tiled-gallery__row\"><div class=\"tiled-gallery__col\" style=\"flex-basis:54.76431%\"><figure class=\"tiled-gallery__item\"><a href=\"https:\/\/i1.wp.com\/joaquinlois.com\/organo-catedral-segovia\/wp-content\/uploads\/sites\/2\/2018\/12\/MG_1315.jpg?ssl=1\"><img decoding=\"async\" srcset=\"https:\/\/i1.wp.com\/joaquinlois.com\/organo-catedral-segovia\/wp-content\/uploads\/sites\/2\/2018\/12\/MG_1315.jpg?strip=info&#038;w=600&#038;ssl=1 600w,https:\/\/i1.wp.com\/joaquinlois.com\/organo-catedral-segovia\/wp-content\/uploads\/sites\/2\/2018\/12\/MG_1315.jpg?strip=info&#038;w=900&#038;ssl=1 900w,https:\/\/i1.wp.com\/joaquinlois.com\/organo-catedral-segovia\/wp-content\/uploads\/sites\/2\/2018\/12\/MG_1315.jpg?strip=info&#038;w=1100&#038;ssl=1 1100w\" alt=\"\" data-height=\"619\" data-id=\"927\" data-link=\"https:\/\/www.joaquinlois.com\/organo-catedral-segovia\/_mg_1315-2\/\" data-url=\"https:\/\/joaquinlois.com\/organo-catedral-segovia\/wp-content\/uploads\/sites\/2\/2018\/12\/MG_1315.jpg\" data-width=\"1100\" src=\"https:\/\/i1.wp.com\/joaquinlois.com\/organo-catedral-segovia\/wp-content\/uploads\/sites\/2\/2018\/12\/MG_1315.jpg?ssl=1\" data-amp-layout=\"responsive\"\/><\/a><\/figure><figure class=\"tiled-gallery__item\"><a href=\"https:\/\/i2.wp.com\/joaquinlois.com\/organo-catedral-segovia\/wp-content\/uploads\/sites\/2\/2018\/12\/MG_1377_1.jpg?ssl=1\"><img decoding=\"async\" srcset=\"https:\/\/i2.wp.com\/joaquinlois.com\/organo-catedral-segovia\/wp-content\/uploads\/sites\/2\/2018\/12\/MG_1377_1.jpg?strip=info&#038;w=600&#038;ssl=1 600w,https:\/\/i2.wp.com\/joaquinlois.com\/organo-catedral-segovia\/wp-content\/uploads\/sites\/2\/2018\/12\/MG_1377_1.jpg?strip=info&#038;w=900&#038;ssl=1 900w,https:\/\/i2.wp.com\/joaquinlois.com\/organo-catedral-segovia\/wp-content\/uploads\/sites\/2\/2018\/12\/MG_1377_1.jpg?strip=info&#038;w=1100&#038;ssl=1 1100w\" alt=\"\" data-height=\"733\" data-id=\"928\" data-link=\"https:\/\/www.joaquinlois.com\/organo-catedral-segovia\/_mg_1377_1\/\" data-url=\"https:\/\/joaquinlois.com\/organo-catedral-segovia\/wp-content\/uploads\/sites\/2\/2018\/12\/MG_1377_1.jpg\" data-width=\"1100\" src=\"https:\/\/i2.wp.com\/joaquinlois.com\/organo-catedral-segovia\/wp-content\/uploads\/sites\/2\/2018\/12\/MG_1377_1.jpg?ssl=1\" data-amp-layout=\"responsive\"\/><\/a><\/figure><\/div><div class=\"tiled-gallery__col\" style=\"flex-basis:45.23569%\"><figure class=\"tiled-gallery__item\"><a href=\"https:\/\/i1.wp.com\/joaquinlois.com\/organo-catedral-segovia\/wp-content\/uploads\/sites\/2\/2018\/12\/MG_1422.jpg?ssl=1\"><img decoding=\"async\" srcset=\"https:\/\/i1.wp.com\/joaquinlois.com\/organo-catedral-segovia\/wp-content\/uploads\/sites\/2\/2018\/12\/MG_1422.jpg?strip=info&#038;w=600&#038;ssl=1 600w,https:\/\/i1.wp.com\/joaquinlois.com\/organo-catedral-segovia\/wp-content\/uploads\/sites\/2\/2018\/12\/MG_1422.jpg?strip=info&#038;w=733&#038;ssl=1 733w\" alt=\"\" data-height=\"1100\" data-id=\"929\" data-link=\"https:\/\/www.joaquinlois.com\/organo-catedral-segovia\/_mg_1422\/\" data-url=\"https:\/\/joaquinlois.com\/organo-catedral-segovia\/wp-content\/uploads\/sites\/2\/2018\/12\/MG_1422.jpg\" data-width=\"733\" src=\"https:\/\/i1.wp.com\/joaquinlois.com\/organo-catedral-segovia\/wp-content\/uploads\/sites\/2\/2018\/12\/MG_1422.jpg?ssl=1\" data-amp-layout=\"responsive\"\/><\/a><\/figure><\/div><\/div><\/div><\/div>\n\n\n\n<p>La tuber\u00eda y procedencia se puede consultar en disposici\u00f3n <span style=\"color: #000000;\">antes de la restauraci\u00f3n (Historia)<\/span><\/p>\n\n\n\n<div class=\"wp-block-jetpack-tiled-gallery aligncenter is-style-rectangular\"><div class=\"tiled-gallery__gallery\"><div class=\"tiled-gallery__row\"><div class=\"tiled-gallery__col\" style=\"flex-basis:54.19929%\"><figure class=\"tiled-gallery__item\"><a href=\"https:\/\/i2.wp.com\/joaquinlois.com\/organo-catedral-segovia\/wp-content\/uploads\/sites\/2\/2018\/12\/MG_1244.jpg?ssl=1\"><img decoding=\"async\" srcset=\"https:\/\/i2.wp.com\/joaquinlois.com\/organo-catedral-segovia\/wp-content\/uploads\/sites\/2\/2018\/12\/MG_1244.jpg?strip=info&#038;w=600&#038;ssl=1 600w,https:\/\/i2.wp.com\/joaquinlois.com\/organo-catedral-segovia\/wp-content\/uploads\/sites\/2\/2018\/12\/MG_1244.jpg?strip=info&#038;w=900&#038;ssl=1 900w,https:\/\/i2.wp.com\/joaquinlois.com\/organo-catedral-segovia\/wp-content\/uploads\/sites\/2\/2018\/12\/MG_1244.jpg?strip=info&#038;w=1100&#038;ssl=1 1100w\" alt=\"\" data-height=\"619\" data-id=\"922\" data-link=\"https:\/\/www.joaquinlois.com\/organo-catedral-segovia\/_mg_1244\/\" data-url=\"https:\/\/joaquinlois.com\/organo-catedral-segovia\/wp-content\/uploads\/sites\/2\/2018\/12\/MG_1244.jpg\" data-width=\"1100\" src=\"https:\/\/i2.wp.com\/joaquinlois.com\/organo-catedral-segovia\/wp-content\/uploads\/sites\/2\/2018\/12\/MG_1244.jpg?ssl=1\" data-amp-layout=\"responsive\"\/><\/a><\/figure><\/div><div class=\"tiled-gallery__col\" style=\"flex-basis:45.80071%\"><figure class=\"tiled-gallery__item\"><a href=\"https:\/\/i2.wp.com\/joaquinlois.com\/organo-catedral-segovia\/wp-content\/uploads\/sites\/2\/2018\/12\/MG_0977.jpg?ssl=1\"><img decoding=\"async\" srcset=\"https:\/\/i2.wp.com\/joaquinlois.com\/organo-catedral-segovia\/wp-content\/uploads\/sites\/2\/2018\/12\/MG_0977.jpg?strip=info&#038;w=600&#038;ssl=1 600w,https:\/\/i2.wp.com\/joaquinlois.com\/organo-catedral-segovia\/wp-content\/uploads\/sites\/2\/2018\/12\/MG_0977.jpg?strip=info&#038;w=900&#038;ssl=1 900w,https:\/\/i2.wp.com\/joaquinlois.com\/organo-catedral-segovia\/wp-content\/uploads\/sites\/2\/2018\/12\/MG_0977.jpg?strip=info&#038;w=1100&#038;ssl=1 1100w\" alt=\"\" data-height=\"733\" data-id=\"920\" data-link=\"https:\/\/www.joaquinlois.com\/organo-catedral-segovia\/_mg_0977\/\" data-url=\"https:\/\/joaquinlois.com\/organo-catedral-segovia\/wp-content\/uploads\/sites\/2\/2018\/12\/MG_0977.jpg\" data-width=\"1100\" src=\"https:\/\/i2.wp.com\/joaquinlois.com\/organo-catedral-segovia\/wp-content\/uploads\/sites\/2\/2018\/12\/MG_0977.jpg?ssl=1\" data-amp-layout=\"responsive\"\/><\/a><\/figure><\/div><\/div><div class=\"tiled-gallery__row\"><div class=\"tiled-gallery__col\" style=\"flex-basis:37.02534%\"><figure class=\"tiled-gallery__item\"><a href=\"https:\/\/i1.wp.com\/joaquinlois.com\/organo-catedral-segovia\/wp-content\/uploads\/sites\/2\/2018\/12\/MG_1022.jpg?ssl=1\"><img decoding=\"async\" srcset=\"https:\/\/i1.wp.com\/joaquinlois.com\/organo-catedral-segovia\/wp-content\/uploads\/sites\/2\/2018\/12\/MG_1022.jpg?strip=info&#038;w=600&#038;ssl=1 600w,https:\/\/i1.wp.com\/joaquinlois.com\/organo-catedral-segovia\/wp-content\/uploads\/sites\/2\/2018\/12\/MG_1022.jpg?strip=info&#038;w=900&#038;ssl=1 900w,https:\/\/i1.wp.com\/joaquinlois.com\/organo-catedral-segovia\/wp-content\/uploads\/sites\/2\/2018\/12\/MG_1022.jpg?strip=info&#038;w=1100&#038;ssl=1 1100w\" alt=\"\" data-height=\"619\" data-id=\"921\" data-link=\"https:\/\/www.joaquinlois.com\/organo-catedral-segovia\/_mg_1022\/\" data-url=\"https:\/\/joaquinlois.com\/organo-catedral-segovia\/wp-content\/uploads\/sites\/2\/2018\/12\/MG_1022.jpg\" data-width=\"1100\" src=\"https:\/\/i1.wp.com\/joaquinlois.com\/organo-catedral-segovia\/wp-content\/uploads\/sites\/2\/2018\/12\/MG_1022.jpg?ssl=1\" data-amp-layout=\"responsive\"\/><\/a><\/figure><figure class=\"tiled-gallery__item\"><a href=\"https:\/\/i0.wp.com\/joaquinlois.com\/organo-catedral-segovia\/wp-content\/uploads\/sites\/2\/2018\/12\/MG_1301.jpg?ssl=1\"><img decoding=\"async\" srcset=\"https:\/\/i0.wp.com\/joaquinlois.com\/organo-catedral-segovia\/wp-content\/uploads\/sites\/2\/2018\/12\/MG_1301.jpg?strip=info&#038;w=600&#038;ssl=1 600w,https:\/\/i0.wp.com\/joaquinlois.com\/organo-catedral-segovia\/wp-content\/uploads\/sites\/2\/2018\/12\/MG_1301.jpg?strip=info&#038;w=900&#038;ssl=1 900w,https:\/\/i0.wp.com\/joaquinlois.com\/organo-catedral-segovia\/wp-content\/uploads\/sites\/2\/2018\/12\/MG_1301.jpg?strip=info&#038;w=1100&#038;ssl=1 1100w\" alt=\"\" data-height=\"619\" data-id=\"926\" data-link=\"https:\/\/www.joaquinlois.com\/organo-catedral-segovia\/_mg_1301-2\/\" data-url=\"https:\/\/joaquinlois.com\/organo-catedral-segovia\/wp-content\/uploads\/sites\/2\/2018\/12\/MG_1301.jpg\" data-width=\"1100\" src=\"https:\/\/i0.wp.com\/joaquinlois.com\/organo-catedral-segovia\/wp-content\/uploads\/sites\/2\/2018\/12\/MG_1301.jpg?ssl=1\" data-amp-layout=\"responsive\"\/><\/a><\/figure><\/div><div class=\"tiled-gallery__col\" style=\"flex-basis:62.97466%\"><figure class=\"tiled-gallery__item\"><a href=\"https:\/\/i1.wp.com\/joaquinlois.com\/organo-catedral-segovia\/wp-content\/uploads\/sites\/2\/2018\/12\/MG_1299.jpg?ssl=1\"><img decoding=\"async\" srcset=\"https:\/\/i1.wp.com\/joaquinlois.com\/organo-catedral-segovia\/wp-content\/uploads\/sites\/2\/2018\/12\/MG_1299.jpg?strip=info&#038;w=600&#038;ssl=1 600w,https:\/\/i1.wp.com\/joaquinlois.com\/organo-catedral-segovia\/wp-content\/uploads\/sites\/2\/2018\/12\/MG_1299.jpg?strip=info&#038;w=900&#038;ssl=1 900w,https:\/\/i1.wp.com\/joaquinlois.com\/organo-catedral-segovia\/wp-content\/uploads\/sites\/2\/2018\/12\/MG_1299.jpg?strip=info&#038;w=1100&#038;ssl=1 1100w\" alt=\"\" data-height=\"733\" data-id=\"925\" data-link=\"https:\/\/www.joaquinlois.com\/organo-catedral-segovia\/_mg_1299\/\" data-url=\"https:\/\/joaquinlois.com\/organo-catedral-segovia\/wp-content\/uploads\/sites\/2\/2018\/12\/MG_1299.jpg\" data-width=\"1100\" src=\"https:\/\/i1.wp.com\/joaquinlois.com\/organo-catedral-segovia\/wp-content\/uploads\/sites\/2\/2018\/12\/MG_1299.jpg?ssl=1\" data-amp-layout=\"responsive\"\/><\/a><\/figure><\/div><\/div><\/div><\/div>\n","protected":false},"excerpt":{"rendered":"<p>Estado antes de la intervenci\u00f3n La estructura interna del \u00f3rgano mayor y respaldo la encontramos en la disposici\u00f3n original de los secretos y tablones acanalados&nbsp;aunque con algunas modificaciones de superficie. Irrumpe la mec\u00e1nica del \u00f3rgano expresivo pero sin modificar la estructura de origen en estos dos teclados. La tuber\u00eda y procedencia se puede consultar en [&hellip;]<\/p>\n","protected":false},"author":1,"featured_media":957,"comment_status":"closed","ping_status":"open","sticky":false,"template":"","format":"standard","meta":{"_acf_changed":false,"_jetpack_memberships_contains_paid_content":false,"footnotes":""},"categories":[1],"tags":[],"elemento":[361],"lt":[346],"teclados":[356,357],"class_list":["post-918","post","type-post","status-publish","format-standard","has-post-thumbnail","hentry","category-sin-categoria","elemento-tuberia","lt-antes-de-la-restauracion","teclados-o-m","teclados-respaldo"],"acf":[],"yoast_head":"<!-- This site is optimized with the Yoast SEO plugin v27.3 - https:\/\/yoast.com\/product\/yoast-seo-wordpress\/ -->\n<title>Interior del \u00f3rgano mayor y respaldo - \u00d3rgano del evangelio de la Catedral de Segovia<\/title>\n<meta name=\"robots\" content=\"index, follow, max-snippet:-1, max-image-preview:large, max-video-preview:-1\" \/>\n<link rel=\"canonical\" href=\"https:\/\/joaquinlois.com\/organo-catedral-segovia\/interior-del-organo-mayor-y-respaldo\/\" \/>\n<meta property=\"og:locale\" content=\"es_ES\" \/>\n<meta property=\"og:type\" content=\"article\" \/>\n<meta property=\"og:title\" content=\"Interior del \u00f3rgano mayor y respaldo antes de la restauraci\u00f3n | \u00d3rgano del evangelio de la catedral de Segovia\" \/>\n<meta property=\"og:description\" content=\"La estructura interna del \u00f3rgano mayor y respaldo antes de la restauraci\u00f3n\" \/>\n<meta property=\"og:url\" content=\"https:\/\/joaquinlois.com\/organo-catedral-segovia\/interior-del-organo-mayor-y-respaldo\/\" \/>\n<meta property=\"og:site_name\" content=\"\u00d3rgano del evangelio de la Catedral de Segovia\" \/>\n<meta property=\"article:published_time\" content=\"2018-03-25T11:19:07+00:00\" \/>\n<meta property=\"article:modified_time\" content=\"2024-03-12T09:08:51+00:00\" \/>\n<meta property=\"og:image\" content=\"https:\/\/joaquinlois.com\/organo-catedral-segovia\/wp-content\/uploads\/sites\/2\/2018\/12\/MG_1259_1.jpg\" \/>\n<meta name=\"author\" content=\"admin\" \/>\n<meta name=\"twitter:card\" content=\"summary_large_image\" \/>\n<meta name=\"twitter:label1\" content=\"Escrito por\" \/>\n\t<meta name=\"twitter:data1\" content=\"admin\" \/>\n\t<meta name=\"twitter:label2\" content=\"Tiempo de lectura\" \/>\n\t<meta name=\"twitter:data2\" content=\"3 minutos\" \/>\n<script type=\"application\/ld+json\" class=\"yoast-schema-graph\">{\"@context\":\"https:\\\/\\\/schema.org\",\"@graph\":[{\"@type\":\"Article\",\"@id\":\"https:\\\/\\\/joaquinlois.com\\\/organo-catedral-segovia\\\/interior-del-organo-mayor-y-respaldo\\\/#article\",\"isPartOf\":{\"@id\":\"https:\\\/\\\/joaquinlois.com\\\/organo-catedral-segovia\\\/interior-del-organo-mayor-y-respaldo\\\/\"},\"author\":{\"name\":\"admin\",\"@id\":\"https:\\\/\\\/joaquinlois.com\\\/organo-catedral-segovia\\\/#\\\/schema\\\/person\\\/91b02054a0a8f4c46cc3753e6417987a\"},\"headline\":\"Interior del \u00f3rgano mayor y respaldo\",\"datePublished\":\"2018-03-25T11:19:07+00:00\",\"dateModified\":\"2024-03-12T09:08:51+00:00\",\"mainEntityOfPage\":{\"@id\":\"https:\\\/\\\/joaquinlois.com\\\/organo-catedral-segovia\\\/interior-del-organo-mayor-y-respaldo\\\/\"},\"wordCount\":75,\"image\":{\"@id\":\"https:\\\/\\\/joaquinlois.com\\\/organo-catedral-segovia\\\/interior-del-organo-mayor-y-respaldo\\\/#primaryimage\"},\"thumbnailUrl\":\"https:\\\/\\\/joaquinlois.com\\\/organo-catedral-segovia\\\/wp-content\\\/uploads\\\/sites\\\/2\\\/2018\\\/12\\\/MG_1259_1-1-e1544450512882.jpg\",\"inLanguage\":\"es\"},{\"@type\":\"WebPage\",\"@id\":\"https:\\\/\\\/joaquinlois.com\\\/organo-catedral-segovia\\\/interior-del-organo-mayor-y-respaldo\\\/\",\"url\":\"https:\\\/\\\/joaquinlois.com\\\/organo-catedral-segovia\\\/interior-del-organo-mayor-y-respaldo\\\/\",\"name\":\"Interior del \u00f3rgano mayor y respaldo - \u00d3rgano del evangelio de la Catedral de Segovia\",\"isPartOf\":{\"@id\":\"https:\\\/\\\/joaquinlois.com\\\/organo-catedral-segovia\\\/#website\"},\"primaryImageOfPage\":{\"@id\":\"https:\\\/\\\/joaquinlois.com\\\/organo-catedral-segovia\\\/interior-del-organo-mayor-y-respaldo\\\/#primaryimage\"},\"image\":{\"@id\":\"https:\\\/\\\/joaquinlois.com\\\/organo-catedral-segovia\\\/interior-del-organo-mayor-y-respaldo\\\/#primaryimage\"},\"thumbnailUrl\":\"https:\\\/\\\/joaquinlois.com\\\/organo-catedral-segovia\\\/wp-content\\\/uploads\\\/sites\\\/2\\\/2018\\\/12\\\/MG_1259_1-1-e1544450512882.jpg\",\"datePublished\":\"2018-03-25T11:19:07+00:00\",\"dateModified\":\"2024-03-12T09:08:51+00:00\",\"author\":{\"@id\":\"https:\\\/\\\/joaquinlois.com\\\/organo-catedral-segovia\\\/#\\\/schema\\\/person\\\/91b02054a0a8f4c46cc3753e6417987a\"},\"inLanguage\":\"es\",\"potentialAction\":[{\"@type\":\"ReadAction\",\"target\":[\"https:\\\/\\\/joaquinlois.com\\\/organo-catedral-segovia\\\/interior-del-organo-mayor-y-respaldo\\\/\"]}]},{\"@type\":\"ImageObject\",\"inLanguage\":\"es\",\"@id\":\"https:\\\/\\\/joaquinlois.com\\\/organo-catedral-segovia\\\/interior-del-organo-mayor-y-respaldo\\\/#primaryimage\",\"url\":\"https:\\\/\\\/joaquinlois.com\\\/organo-catedral-segovia\\\/wp-content\\\/uploads\\\/sites\\\/2\\\/2018\\\/12\\\/MG_1259_1-1-e1544450512882.jpg\",\"contentUrl\":\"https:\\\/\\\/joaquinlois.com\\\/organo-catedral-segovia\\\/wp-content\\\/uploads\\\/sites\\\/2\\\/2018\\\/12\\\/MG_1259_1-1-e1544450512882.jpg\",\"width\":734,\"height\":734},{\"@type\":\"WebSite\",\"@id\":\"https:\\\/\\\/joaquinlois.com\\\/organo-catedral-segovia\\\/#website\",\"url\":\"https:\\\/\\\/joaquinlois.com\\\/organo-catedral-segovia\\\/\",\"name\":\"\u00d3rgano del evangelio de la Catedral de Segovia\",\"description\":\"Restauraci\u00f3n realizada por el taller de organer\u00eda Joaqu\u00edn Lois\",\"potentialAction\":[{\"@type\":\"SearchAction\",\"target\":{\"@type\":\"EntryPoint\",\"urlTemplate\":\"https:\\\/\\\/joaquinlois.com\\\/organo-catedral-segovia\\\/?s={search_term_string}\"},\"query-input\":{\"@type\":\"PropertyValueSpecification\",\"valueRequired\":true,\"valueName\":\"search_term_string\"}}],\"inLanguage\":\"es\"},{\"@type\":\"Person\",\"@id\":\"https:\\\/\\\/joaquinlois.com\\\/organo-catedral-segovia\\\/#\\\/schema\\\/person\\\/91b02054a0a8f4c46cc3753e6417987a\",\"name\":\"admin\",\"sameAs\":[\"https:\\\/\\\/www.joaquinlois.com\"],\"url\":\"https:\\\/\\\/joaquinlois.com\\\/organo-catedral-segovia\\\/author\\\/admin\\\/\"}]}<\/script>\n<!-- \/ Yoast SEO plugin. -->","yoast_head_json":{"title":"Interior del \u00f3rgano mayor y respaldo - \u00d3rgano del evangelio de la Catedral de Segovia","robots":{"index":"index","follow":"follow","max-snippet":"max-snippet:-1","max-image-preview":"max-image-preview:large","max-video-preview":"max-video-preview:-1"},"canonical":"https:\/\/joaquinlois.com\/organo-catedral-segovia\/interior-del-organo-mayor-y-respaldo\/","og_locale":"es_ES","og_type":"article","og_title":"Interior del \u00f3rgano mayor y respaldo antes de la restauraci\u00f3n | \u00d3rgano del evangelio de la catedral de Segovia","og_description":"La estructura interna del \u00f3rgano mayor y respaldo antes de la restauraci\u00f3n","og_url":"https:\/\/joaquinlois.com\/organo-catedral-segovia\/interior-del-organo-mayor-y-respaldo\/","og_site_name":"\u00d3rgano del evangelio de la Catedral de Segovia","article_published_time":"2018-03-25T11:19:07+00:00","article_modified_time":"2024-03-12T09:08:51+00:00","og_image":[{"url":"https:\/\/joaquinlois.com\/organo-catedral-segovia\/wp-content\/uploads\/sites\/2\/2018\/12\/MG_1259_1.jpg","type":"","width":"","height":""}],"author":"admin","twitter_card":"summary_large_image","twitter_misc":{"Escrito por":"admin","Tiempo de lectura":"3 minutos"},"schema":{"@context":"https:\/\/schema.org","@graph":[{"@type":"Article","@id":"https:\/\/joaquinlois.com\/organo-catedral-segovia\/interior-del-organo-mayor-y-respaldo\/#article","isPartOf":{"@id":"https:\/\/joaquinlois.com\/organo-catedral-segovia\/interior-del-organo-mayor-y-respaldo\/"},"author":{"name":"admin","@id":"https:\/\/joaquinlois.com\/organo-catedral-segovia\/#\/schema\/person\/91b02054a0a8f4c46cc3753e6417987a"},"headline":"Interior del \u00f3rgano mayor y respaldo","datePublished":"2018-03-25T11:19:07+00:00","dateModified":"2024-03-12T09:08:51+00:00","mainEntityOfPage":{"@id":"https:\/\/joaquinlois.com\/organo-catedral-segovia\/interior-del-organo-mayor-y-respaldo\/"},"wordCount":75,"image":{"@id":"https:\/\/joaquinlois.com\/organo-catedral-segovia\/interior-del-organo-mayor-y-respaldo\/#primaryimage"},"thumbnailUrl":"https:\/\/joaquinlois.com\/organo-catedral-segovia\/wp-content\/uploads\/sites\/2\/2018\/12\/MG_1259_1-1-e1544450512882.jpg","inLanguage":"es"},{"@type":"WebPage","@id":"https:\/\/joaquinlois.com\/organo-catedral-segovia\/interior-del-organo-mayor-y-respaldo\/","url":"https:\/\/joaquinlois.com\/organo-catedral-segovia\/interior-del-organo-mayor-y-respaldo\/","name":"Interior del \u00f3rgano mayor y respaldo - \u00d3rgano del evangelio de la Catedral de Segovia","isPartOf":{"@id":"https:\/\/joaquinlois.com\/organo-catedral-segovia\/#website"},"primaryImageOfPage":{"@id":"https:\/\/joaquinlois.com\/organo-catedral-segovia\/interior-del-organo-mayor-y-respaldo\/#primaryimage"},"image":{"@id":"https:\/\/joaquinlois.com\/organo-catedral-segovia\/interior-del-organo-mayor-y-respaldo\/#primaryimage"},"thumbnailUrl":"https:\/\/joaquinlois.com\/organo-catedral-segovia\/wp-content\/uploads\/sites\/2\/2018\/12\/MG_1259_1-1-e1544450512882.jpg","datePublished":"2018-03-25T11:19:07+00:00","dateModified":"2024-03-12T09:08:51+00:00","author":{"@id":"https:\/\/joaquinlois.com\/organo-catedral-segovia\/#\/schema\/person\/91b02054a0a8f4c46cc3753e6417987a"},"inLanguage":"es","potentialAction":[{"@type":"ReadAction","target":["https:\/\/joaquinlois.com\/organo-catedral-segovia\/interior-del-organo-mayor-y-respaldo\/"]}]},{"@type":"ImageObject","inLanguage":"es","@id":"https:\/\/joaquinlois.com\/organo-catedral-segovia\/interior-del-organo-mayor-y-respaldo\/#primaryimage","url":"https:\/\/joaquinlois.com\/organo-catedral-segovia\/wp-content\/uploads\/sites\/2\/2018\/12\/MG_1259_1-1-e1544450512882.jpg","contentUrl":"https:\/\/joaquinlois.com\/organo-catedral-segovia\/wp-content\/uploads\/sites\/2\/2018\/12\/MG_1259_1-1-e1544450512882.jpg","width":734,"height":734},{"@type":"WebSite","@id":"https:\/\/joaquinlois.com\/organo-catedral-segovia\/#website","url":"https:\/\/joaquinlois.com\/organo-catedral-segovia\/","name":"\u00d3rgano del evangelio de la Catedral de Segovia","description":"Restauraci\u00f3n realizada por el taller de organer\u00eda Joaqu\u00edn Lois","potentialAction":[{"@type":"SearchAction","target":{"@type":"EntryPoint","urlTemplate":"https:\/\/joaquinlois.com\/organo-catedral-segovia\/?s={search_term_string}"},"query-input":{"@type":"PropertyValueSpecification","valueRequired":true,"valueName":"search_term_string"}}],"inLanguage":"es"},{"@type":"Person","@id":"https:\/\/joaquinlois.com\/organo-catedral-segovia\/#\/schema\/person\/91b02054a0a8f4c46cc3753e6417987a","name":"admin","sameAs":["https:\/\/www.joaquinlois.com"],"url":"https:\/\/joaquinlois.com\/organo-catedral-segovia\/author\/admin\/"}]}},"jetpack_featured_media_url":"https:\/\/joaquinlois.com\/organo-catedral-segovia\/wp-content\/uploads\/sites\/2\/2018\/12\/MG_1259_1-1-e1544450512882.jpg","jetpack_sharing_enabled":true,"_links":{"self":[{"href":"https:\/\/joaquinlois.com\/organo-catedral-segovia\/wp-json\/wp\/v2\/posts\/918","targetHints":{"allow":["GET"]}}],"collection":[{"href":"https:\/\/joaquinlois.com\/organo-catedral-segovia\/wp-json\/wp\/v2\/posts"}],"about":[{"href":"https:\/\/joaquinlois.com\/organo-catedral-segovia\/wp-json\/wp\/v2\/types\/post"}],"author":[{"embeddable":true,"href":"https:\/\/joaquinlois.com\/organo-catedral-segovia\/wp-json\/wp\/v2\/users\/1"}],"replies":[{"embeddable":true,"href":"https:\/\/joaquinlois.com\/organo-catedral-segovia\/wp-json\/wp\/v2\/comments?post=918"}],"version-history":[{"count":5,"href":"https:\/\/joaquinlois.com\/organo-catedral-segovia\/wp-json\/wp\/v2\/posts\/918\/revisions"}],"predecessor-version":[{"id":2906,"href":"https:\/\/joaquinlois.com\/organo-catedral-segovia\/wp-json\/wp\/v2\/posts\/918\/revisions\/2906"}],"wp:featuredmedia":[{"embeddable":true,"href":"https:\/\/joaquinlois.com\/organo-catedral-segovia\/wp-json\/wp\/v2\/media\/957"}],"wp:attachment":[{"href":"https:\/\/joaquinlois.com\/organo-catedral-segovia\/wp-json\/wp\/v2\/media?parent=918"}],"wp:term":[{"taxonomy":"category","embeddable":true,"href":"https:\/\/joaquinlois.com\/organo-catedral-segovia\/wp-json\/wp\/v2\/categories?post=918"},{"taxonomy":"post_tag","embeddable":true,"href":"https:\/\/joaquinlois.com\/organo-catedral-segovia\/wp-json\/wp\/v2\/tags?post=918"},{"taxonomy":"elemento","embeddable":true,"href":"https:\/\/joaquinlois.com\/organo-catedral-segovia\/wp-json\/wp\/v2\/elemento?post=918"},{"taxonomy":"lt","embeddable":true,"href":"https:\/\/joaquinlois.com\/organo-catedral-segovia\/wp-json\/wp\/v2\/lt?post=918"},{"taxonomy":"teclados","embeddable":true,"href":"https:\/\/joaquinlois.com\/organo-catedral-segovia\/wp-json\/wp\/v2\/teclados?post=918"}],"curies":[{"name":"wp","href":"https:\/\/api.w.org\/{rel}","templated":true}]}}