{"id":360,"date":"2018-04-04T17:11:40","date_gmt":"2018-04-04T17:11:40","guid":{"rendered":"https:\/\/www.joaquinlois.com\/organo-catedral-segovia\/?p=360"},"modified":"2024-03-12T09:08:51","modified_gmt":"2024-03-12T09:08:51","slug":"el-organo-expresivo-otorel","status":"publish","type":"post","link":"https:\/\/joaquinlois.com\/organo-catedral-segovia\/el-organo-expresivo-otorel\/","title":{"rendered":"El \u00f3rgano expresivo de Otorel"},"content":{"rendered":"\n<div class=\"wp-block-jetpack-tiled-gallery aligncenter is-style-rectangular\"><div class=\"tiled-gallery__gallery\"><div class=\"tiled-gallery__row\"><div class=\"tiled-gallery__col\" style=\"flex-basis:33.47335%\"><figure class=\"tiled-gallery__item\"><a href=\"https:\/\/joaquinlois.com\/organo-catedral-segovia\/wp-content\/uploads\/sites\/2\/2018\/09\/organo-expresivo-01.jpg\"><img decoding=\"async\" srcset=\"https:\/\/joaquinlois.com\/organo-catedral-segovia\/wp-content\/uploads\/sites\/2\/2018\/09\/organo-expresivo-01.jpg?strip=info&#038;w=600 600w,https:\/\/joaquinlois.com\/organo-catedral-segovia\/wp-content\/uploads\/sites\/2\/2018\/09\/organo-expresivo-01.jpg?strip=info&#038;w=900 900w,https:\/\/joaquinlois.com\/organo-catedral-segovia\/wp-content\/uploads\/sites\/2\/2018\/09\/organo-expresivo-01.jpg?strip=info&#038;w=948 948w\" alt=\"\" data-height=\"1200\" data-id=\"402\" data-link=\"https:\/\/www.joaquinlois.com\/organo-catedral-segovia\/organo-expresivo-01\/\" data-url=\"https:\/\/joaquinlois.com\/organo-catedral-segovia\/wp-content\/uploads\/sites\/2\/2018\/09\/organo-expresivo-01.jpg\" data-width=\"948\" src=\"https:\/\/joaquinlois.com\/organo-catedral-segovia\/wp-content\/uploads\/sites\/2\/2018\/09\/organo-expresivo-01.jpg\" data-amp-layout=\"responsive\"\/><\/a><\/figure><\/div><div class=\"tiled-gallery__col\" style=\"flex-basis:66.52665%\"><figure class=\"tiled-gallery__item\"><a href=\"https:\/\/joaquinlois.com\/organo-catedral-segovia\/wp-content\/uploads\/sites\/2\/2018\/04\/caja-expresiva.gif\"><img decoding=\"async\" srcset=\"https:\/\/joaquinlois.com\/organo-catedral-segovia\/wp-content\/uploads\/sites\/2\/2018\/04\/caja-expresiva.gif?strip=info&#038;w=600 600w,https:\/\/joaquinlois.com\/organo-catedral-segovia\/wp-content\/uploads\/sites\/2\/2018\/04\/caja-expresiva.gif?strip=info&#038;w=900 900w\" alt=\"\" data-height=\"572\" data-id=\"1000\" data-link=\"https:\/\/www.joaquinlois.com\/organo-catedral-segovia\/caja-expresiva\/\" data-url=\"https:\/\/joaquinlois.com\/organo-catedral-segovia\/wp-content\/uploads\/sites\/2\/2018\/04\/caja-expresiva.gif\" data-width=\"900\" src=\"https:\/\/joaquinlois.com\/organo-catedral-segovia\/wp-content\/uploads\/sites\/2\/2018\/04\/caja-expresiva.gif\" data-amp-layout=\"responsive\"\/><\/a><\/figure><\/div><\/div><\/div><\/div>\n\n\n\n<blockquote class=\"wp-block-quote is-layout-flow wp-block-quote-is-layout-flow\"><p>La reforma de Juan Otorel, de la que tenemos documentaci\u00f3n escrita y tambi\u00e9n se pueden identificar sus pr\u00e1cticas y materiales,&nbsp; transform\u00f3&nbsp;la cadereta en un \u201c\u00f3rgano expresivo\u201d con todos los juegos dentro de la caja expresiva y desplaz\u00e1ndola a un nivel superior al \u00f3rgano mayor.<\/p><\/blockquote>\n\n\n\n<p>En este teclado s\u00f3lo tenemos constancia de la incorporaci\u00f3n de la voz humana. La modificaci\u00f3n m\u00e1s dr\u00e1stica es la mec\u00e1nica.<\/p>\n\n\n\n<p>Tambi\u00e9n se modificaron las contras, incorporando un pedalier de 25 notas con contras de 26 y de 23 palmos.<\/p>\n\n\n\n<p>En el \u00f3rgano mayor se integra una Bombarda de 26 palmos aunque de esta intervenci\u00f3n solo se conservan algunos restos. Se realiza por medio de a\u00f1adidos que no afectaron a la estructura original de los secretos y tablones acanalados.<\/p>\n\n\n\n<div class=\"wp-block-jetpack-tiled-gallery aligncenter is-style-rectangular\"><div class=\"tiled-gallery__gallery\"><div class=\"tiled-gallery__row\"><div class=\"tiled-gallery__col\" style=\"flex-basis:39.51695%\"><figure class=\"tiled-gallery__item\"><a href=\"https:\/\/joaquinlois.com\/organo-catedral-segovia\/wp-content\/uploads\/sites\/2\/2018\/09\/plano-organo-md.jpg\"><img decoding=\"async\" srcset=\"https:\/\/joaquinlois.com\/organo-catedral-segovia\/wp-content\/uploads\/sites\/2\/2018\/09\/plano-organo-md.jpg?strip=info&#038;w=600 600w,https:\/\/joaquinlois.com\/organo-catedral-segovia\/wp-content\/uploads\/sites\/2\/2018\/09\/plano-organo-md.jpg?strip=info&#038;w=761 761w\" alt=\"\" data-height=\"828\" data-id=\"418\" data-link=\"https:\/\/www.joaquinlois.com\/organo-catedral-segovia\/plano-organo-md\/\" data-url=\"https:\/\/joaquinlois.com\/organo-catedral-segovia\/wp-content\/uploads\/sites\/2\/2018\/09\/plano-organo-md.jpg\" data-width=\"761\" src=\"https:\/\/joaquinlois.com\/organo-catedral-segovia\/wp-content\/uploads\/sites\/2\/2018\/09\/plano-organo-md.jpg\" data-amp-layout=\"responsive\"\/><\/a><\/figure><\/div><div class=\"tiled-gallery__col\" style=\"flex-basis:60.48305%\"><figure class=\"tiled-gallery__item\"><a href=\"https:\/\/joaquinlois.com\/organo-catedral-segovia\/wp-content\/uploads\/sites\/2\/2018\/09\/plano-organo-expresivo.jpg\"><img decoding=\"async\" srcset=\"https:\/\/joaquinlois.com\/organo-catedral-segovia\/wp-content\/uploads\/sites\/2\/2018\/09\/plano-organo-expresivo.jpg?strip=info&#038;w=600 600w,https:\/\/joaquinlois.com\/organo-catedral-segovia\/wp-content\/uploads\/sites\/2\/2018\/09\/plano-organo-expresivo.jpg?strip=info&#038;w=900 900w,https:\/\/joaquinlois.com\/organo-catedral-segovia\/wp-content\/uploads\/sites\/2\/2018\/09\/plano-organo-expresivo.jpg?strip=info&#038;w=1000 1000w\" alt=\"\" data-height=\"710\" data-id=\"414\" data-link=\"https:\/\/www.joaquinlois.com\/organo-catedral-segovia\/plano-organo-expresivo\/\" data-url=\"https:\/\/joaquinlois.com\/organo-catedral-segovia\/wp-content\/uploads\/sites\/2\/2018\/09\/plano-organo-expresivo.jpg\" data-width=\"1000\" src=\"https:\/\/joaquinlois.com\/organo-catedral-segovia\/wp-content\/uploads\/sites\/2\/2018\/09\/plano-organo-expresivo.jpg\" data-amp-layout=\"responsive\"\/><\/a><\/figure><\/div><\/div><\/div><\/div>\n\n\n\n<h2 class=\"wp-block-heading\">Reformas atribuibles a intervenciones posteriores Juan Deleito o Ricardo Delgado<\/h2>\n\n\n\n<blockquote class=\"wp-block-quote is-layout-flow wp-block-quote-is-layout-flow\"><p>Reforma de la cadereta, ya teclado expresivo, incorporando los registros rom\u00e1nticos (gamba y celeste) y descomponiendo el car\u00e1cter del teclado y la l\u00f3gica&nbsp; distribuci\u00f3n de la tuber\u00eda.<\/p><\/blockquote>\n\n\n\n<p>Tambi\u00e9n hay posibles reformas en la cadereta anteriores a la reforma de Otorel y que no podemos confirmar su autor\u00eda que podr\u00edan ser de Juli\u00e1n Azuara ya que hoy no est\u00e1n de esta forma y solo hay indicios en las etiquetas: Flauta en la mano derecha, Docena en ambas manos.<\/p>\n\n\n\n<div class=\"wp-block-jetpack-tiled-gallery aligncenter is-style-rectangular\"><div class=\"tiled-gallery__gallery\"><div class=\"tiled-gallery__row\"><div class=\"tiled-gallery__col\" style=\"flex-basis:40.40771%\"><figure class=\"tiled-gallery__item\"><a href=\"https:\/\/joaquinlois.com\/organo-catedral-segovia\/wp-content\/uploads\/sites\/2\/2018\/04\/MG_1448.jpg\"><img decoding=\"async\" srcset=\"https:\/\/joaquinlois.com\/organo-catedral-segovia\/wp-content\/uploads\/sites\/2\/2018\/04\/MG_1448.jpg?strip=info&#038;w=600 600w,https:\/\/joaquinlois.com\/organo-catedral-segovia\/wp-content\/uploads\/sites\/2\/2018\/04\/MG_1448.jpg?strip=info&#038;w=900 900w,https:\/\/joaquinlois.com\/organo-catedral-segovia\/wp-content\/uploads\/sites\/2\/2018\/04\/MG_1448.jpg?strip=info&#038;w=1000 1000w\" alt=\"\" data-height=\"1041\" data-id=\"540\" data-link=\"https:\/\/www.joaquinlois.com\/organo-catedral-segovia\/_mg_1448\/\" data-url=\"https:\/\/joaquinlois.com\/organo-catedral-segovia\/wp-content\/uploads\/sites\/2\/2018\/04\/MG_1448.jpg\" data-width=\"1000\" src=\"https:\/\/joaquinlois.com\/organo-catedral-segovia\/wp-content\/uploads\/sites\/2\/2018\/04\/MG_1448.jpg\" data-amp-layout=\"responsive\"\/><\/a><\/figure><\/div><div class=\"tiled-gallery__col\" style=\"flex-basis:31.47307%\"><figure class=\"tiled-gallery__item\"><a href=\"https:\/\/joaquinlois.com\/organo-catedral-segovia\/wp-content\/uploads\/sites\/2\/2018\/09\/MG_1875-1.jpg\"><img decoding=\"async\" srcset=\"https:\/\/joaquinlois.com\/organo-catedral-segovia\/wp-content\/uploads\/sites\/2\/2018\/09\/MG_1875-1.jpg?strip=info&#038;w=600 600w,https:\/\/joaquinlois.com\/organo-catedral-segovia\/wp-content\/uploads\/sites\/2\/2018\/09\/MG_1875-1.jpg?strip=info&#038;w=900 900w,https:\/\/joaquinlois.com\/organo-catedral-segovia\/wp-content\/uploads\/sites\/2\/2018\/09\/MG_1875-1.jpg?strip=info&#038;w=1200 1200w\" alt=\"\" data-height=\"788\" data-id=\"407\" data-link=\"https:\/\/www.joaquinlois.com\/organo-catedral-segovia\/_mg_1875-1\/\" data-url=\"https:\/\/joaquinlois.com\/organo-catedral-segovia\/wp-content\/uploads\/sites\/2\/2018\/09\/MG_1875-1.jpg\" data-width=\"1200\" src=\"https:\/\/joaquinlois.com\/organo-catedral-segovia\/wp-content\/uploads\/sites\/2\/2018\/09\/MG_1875-1.jpg\" data-amp-layout=\"responsive\"\/><\/a><\/figure><figure class=\"tiled-gallery__item\"><a href=\"https:\/\/joaquinlois.com\/organo-catedral-segovia\/wp-content\/uploads\/sites\/2\/2018\/09\/MG_1880.jpg\"><img decoding=\"async\" srcset=\"https:\/\/joaquinlois.com\/organo-catedral-segovia\/wp-content\/uploads\/sites\/2\/2018\/09\/MG_1880.jpg?strip=info&#038;w=600 600w,https:\/\/joaquinlois.com\/organo-catedral-segovia\/wp-content\/uploads\/sites\/2\/2018\/09\/MG_1880.jpg?strip=info&#038;w=900 900w,https:\/\/joaquinlois.com\/organo-catedral-segovia\/wp-content\/uploads\/sites\/2\/2018\/09\/MG_1880.jpg?strip=info&#038;w=1200 1200w\" alt=\"\" data-height=\"800\" data-id=\"408\" data-link=\"https:\/\/www.joaquinlois.com\/organo-catedral-segovia\/_mg_1880\/\" data-url=\"https:\/\/joaquinlois.com\/organo-catedral-segovia\/wp-content\/uploads\/sites\/2\/2018\/09\/MG_1880.jpg\" data-width=\"1200\" src=\"https:\/\/joaquinlois.com\/organo-catedral-segovia\/wp-content\/uploads\/sites\/2\/2018\/09\/MG_1880.jpg\" data-amp-layout=\"responsive\"\/><\/a><\/figure><\/div><div class=\"tiled-gallery__col\" style=\"flex-basis:28.11922%\"><figure class=\"tiled-gallery__item\"><a href=\"https:\/\/joaquinlois.com\/organo-catedral-segovia\/wp-content\/uploads\/sites\/2\/2018\/09\/MG_1884.jpg\"><img decoding=\"async\" srcset=\"https:\/\/joaquinlois.com\/organo-catedral-segovia\/wp-content\/uploads\/sites\/2\/2018\/09\/MG_1884.jpg?strip=info&#038;w=600 600w,https:\/\/joaquinlois.com\/organo-catedral-segovia\/wp-content\/uploads\/sites\/2\/2018\/09\/MG_1884.jpg?strip=info&#038;w=800 800w\" alt=\"\" data-height=\"1200\" data-id=\"410\" data-link=\"https:\/\/www.joaquinlois.com\/organo-catedral-segovia\/_mg_1884\/\" data-url=\"https:\/\/joaquinlois.com\/organo-catedral-segovia\/wp-content\/uploads\/sites\/2\/2018\/09\/MG_1884.jpg\" data-width=\"800\" src=\"https:\/\/joaquinlois.com\/organo-catedral-segovia\/wp-content\/uploads\/sites\/2\/2018\/09\/MG_1884.jpg\" data-amp-layout=\"responsive\"\/><\/a><\/figure><\/div><\/div><div class=\"tiled-gallery__row\"><div class=\"tiled-gallery__col\" style=\"flex-basis:66.78744%\"><figure class=\"tiled-gallery__item\"><a href=\"https:\/\/joaquinlois.com\/organo-catedral-segovia\/wp-content\/uploads\/sites\/2\/2018\/09\/MG_1881.jpg\"><img decoding=\"async\" srcset=\"https:\/\/joaquinlois.com\/organo-catedral-segovia\/wp-content\/uploads\/sites\/2\/2018\/09\/MG_1881.jpg?strip=info&#038;w=600 600w,https:\/\/joaquinlois.com\/organo-catedral-segovia\/wp-content\/uploads\/sites\/2\/2018\/09\/MG_1881.jpg?strip=info&#038;w=900 900w,https:\/\/joaquinlois.com\/organo-catedral-segovia\/wp-content\/uploads\/sites\/2\/2018\/09\/MG_1881.jpg?strip=info&#038;w=1200 1200w\" alt=\"\" data-height=\"800\" data-id=\"409\" data-link=\"https:\/\/www.joaquinlois.com\/organo-catedral-segovia\/_mg_1881\/\" data-url=\"https:\/\/joaquinlois.com\/organo-catedral-segovia\/wp-content\/uploads\/sites\/2\/2018\/09\/MG_1881.jpg\" data-width=\"1200\" src=\"https:\/\/joaquinlois.com\/organo-catedral-segovia\/wp-content\/uploads\/sites\/2\/2018\/09\/MG_1881.jpg\" data-amp-layout=\"responsive\"\/><\/a><\/figure><\/div><div class=\"tiled-gallery__col\" style=\"flex-basis:33.21256%\"><figure class=\"tiled-gallery__item\"><a href=\"https:\/\/joaquinlois.com\/organo-catedral-segovia\/wp-content\/uploads\/sites\/2\/2018\/09\/MG_1895.jpg\"><img decoding=\"async\" srcset=\"https:\/\/joaquinlois.com\/organo-catedral-segovia\/wp-content\/uploads\/sites\/2\/2018\/09\/MG_1895.jpg?strip=info&#038;w=600 600w,https:\/\/joaquinlois.com\/organo-catedral-segovia\/wp-content\/uploads\/sites\/2\/2018\/09\/MG_1895.jpg?strip=info&#038;w=900 900w,https:\/\/joaquinlois.com\/organo-catedral-segovia\/wp-content\/uploads\/sites\/2\/2018\/09\/MG_1895.jpg?strip=info&#038;w=1200 1200w\" alt=\"\" data-height=\"800\" data-id=\"412\" data-link=\"https:\/\/www.joaquinlois.com\/organo-catedral-segovia\/_mg_1895\/\" data-url=\"https:\/\/joaquinlois.com\/organo-catedral-segovia\/wp-content\/uploads\/sites\/2\/2018\/09\/MG_1895.jpg\" data-width=\"1200\" src=\"https:\/\/joaquinlois.com\/organo-catedral-segovia\/wp-content\/uploads\/sites\/2\/2018\/09\/MG_1895.jpg\" data-amp-layout=\"responsive\"\/><\/a><\/figure><figure class=\"tiled-gallery__item\"><a href=\"https:\/\/joaquinlois.com\/organo-catedral-segovia\/wp-content\/uploads\/sites\/2\/2018\/09\/MG_1885.jpg\"><img decoding=\"async\" srcset=\"https:\/\/joaquinlois.com\/organo-catedral-segovia\/wp-content\/uploads\/sites\/2\/2018\/09\/MG_1885.jpg?strip=info&#038;w=600 600w,https:\/\/joaquinlois.com\/organo-catedral-segovia\/wp-content\/uploads\/sites\/2\/2018\/09\/MG_1885.jpg?strip=info&#038;w=900 900w,https:\/\/joaquinlois.com\/organo-catedral-segovia\/wp-content\/uploads\/sites\/2\/2018\/09\/MG_1885.jpg?strip=info&#038;w=1200 1200w\" alt=\"\" data-height=\"800\" data-id=\"411\" data-link=\"https:\/\/www.joaquinlois.com\/organo-catedral-segovia\/_mg_1885\/\" data-url=\"https:\/\/joaquinlois.com\/organo-catedral-segovia\/wp-content\/uploads\/sites\/2\/2018\/09\/MG_1885.jpg\" data-width=\"1200\" src=\"https:\/\/joaquinlois.com\/organo-catedral-segovia\/wp-content\/uploads\/sites\/2\/2018\/09\/MG_1885.jpg\" data-amp-layout=\"responsive\"\/><\/a><\/figure><\/div><\/div><div class=\"tiled-gallery__row\"><div class=\"tiled-gallery__col\" style=\"flex-basis:71.49042%\"><figure class=\"tiled-gallery__item\"><a href=\"https:\/\/joaquinlois.com\/organo-catedral-segovia\/wp-content\/uploads\/sites\/2\/2018\/04\/MG_1345_1.jpg\"><img decoding=\"async\" srcset=\"https:\/\/joaquinlois.com\/organo-catedral-segovia\/wp-content\/uploads\/sites\/2\/2018\/04\/MG_1345_1.jpg?strip=info&#038;w=600 600w\" alt=\"\" data-height=\"358\" data-id=\"503\" data-link=\"https:\/\/www.joaquinlois.com\/organo-catedral-segovia\/_mg_1345_1\/\" data-url=\"https:\/\/joaquinlois.com\/organo-catedral-segovia\/wp-content\/uploads\/sites\/2\/2018\/04\/MG_1345_1.jpg\" data-width=\"600\" src=\"https:\/\/joaquinlois.com\/organo-catedral-segovia\/wp-content\/uploads\/sites\/2\/2018\/04\/MG_1345_1.jpg\" data-amp-layout=\"responsive\"\/><\/a><\/figure><\/div><div class=\"tiled-gallery__col\" style=\"flex-basis:28.50958%\"><figure class=\"tiled-gallery__item\"><a href=\"https:\/\/joaquinlois.com\/organo-catedral-segovia\/wp-content\/uploads\/sites\/2\/2018\/09\/MG_1831.jpg\"><img decoding=\"async\" srcset=\"https:\/\/joaquinlois.com\/organo-catedral-segovia\/wp-content\/uploads\/sites\/2\/2018\/09\/MG_1831.jpg?strip=info&#038;w=600 600w,https:\/\/joaquinlois.com\/organo-catedral-segovia\/wp-content\/uploads\/sites\/2\/2018\/09\/MG_1831.jpg?strip=info&#038;w=733 733w\" alt=\"\" data-height=\"1100\" data-id=\"423\" data-link=\"https:\/\/www.joaquinlois.com\/organo-catedral-segovia\/_mg_1831\/\" data-url=\"https:\/\/joaquinlois.com\/organo-catedral-segovia\/wp-content\/uploads\/sites\/2\/2018\/09\/MG_1831.jpg\" data-width=\"733\" src=\"https:\/\/joaquinlois.com\/organo-catedral-segovia\/wp-content\/uploads\/sites\/2\/2018\/09\/MG_1831.jpg\" data-amp-layout=\"responsive\"\/><\/a><\/figure><\/div><\/div><\/div><\/div>\n","protected":false},"excerpt":{"rendered":"<p>La reforma de Juan Otorel, de la que tenemos documentaci\u00f3n escrita y tambi\u00e9n se pueden identificar sus pr\u00e1cticas y materiales,&nbsp; transform\u00f3&nbsp;la cadereta en un \u201c\u00f3rgano expresivo\u201d con todos los juegos dentro de la caja expresiva y desplaz\u00e1ndola a un nivel superior al \u00f3rgano mayor. En este teclado s\u00f3lo tenemos constancia de la incorporaci\u00f3n de la [&hellip;]<\/p>\n","protected":false},"author":1,"featured_media":798,"comment_status":"closed","ping_status":"open","sticky":false,"template":"","format":"standard","meta":{"_acf_changed":false,"_jetpack_memberships_contains_paid_content":false,"footnotes":""},"categories":[1],"tags":[],"elemento":[359,361],"lt":[346],"teclados":[347],"class_list":["post-360","post","type-post","status-publish","format-standard","has-post-thumbnail","hentry","category-sin-categoria","elemento-secretos-y-tablones","elemento-tuberia","lt-antes-de-la-restauracion","teclados-cadereta"],"acf":[],"yoast_head":"<!-- This site is optimized with the Yoast SEO plugin v27.3 - https:\/\/yoast.com\/product\/yoast-seo-wordpress\/ -->\n<title>El \u00f3rgano expresivo de Otorel | \u00d3rgano del evangelio-Catedral de Segovia<\/title>\n<meta name=\"description\" content=\"La reforma de Juan Otorel transform\u00f3\u00a0la cadereta en un \u201c\u00f3rgano expresivo\u201d desplaz\u00e1ndola a un nivel superior al \u00f3rgano mayor.\" \/>\n<meta name=\"robots\" content=\"index, follow, max-snippet:-1, max-image-preview:large, max-video-preview:-1\" \/>\n<link rel=\"canonical\" href=\"https:\/\/joaquinlois.com\/organo-catedral-segovia\/el-organo-expresivo-otorel\/\" \/>\n<meta property=\"og:locale\" content=\"es_ES\" \/>\n<meta property=\"og:type\" content=\"article\" \/>\n<meta property=\"og:title\" content=\"El \u00f3rgano expresivo de Otorel | \u00d3rgano del evangelio de la Catedral de Segovia | Joaqu\u00edn Lois - Organero\" \/>\n<meta property=\"og:description\" content=\"La reforma de Juan Otorel transform\u00f3 la cadereta en un \u201c\u00f3rgano expresivo\u201d desplaz\u00e1ndola a un nivel superior al \u00f3rgano mayor.\" \/>\n<meta property=\"og:url\" content=\"https:\/\/joaquinlois.com\/organo-catedral-segovia\/el-organo-expresivo-otorel\/\" \/>\n<meta property=\"og:site_name\" content=\"\u00d3rgano del evangelio de la Catedral de Segovia\" \/>\n<meta property=\"article:published_time\" content=\"2018-04-04T17:11:40+00:00\" \/>\n<meta property=\"article:modified_time\" content=\"2024-03-12T09:08:51+00:00\" \/>\n<meta property=\"og:image\" content=\"https:\/\/joaquinlois.com\/organo-catedral-segovia\/wp-content\/uploads\/sites\/2\/2018\/09\/MG_1880.jpg\" \/>\n<meta name=\"author\" content=\"admin\" \/>\n<meta name=\"twitter:card\" content=\"summary_large_image\" \/>\n<meta name=\"twitter:label1\" content=\"Escrito por\" \/>\n\t<meta name=\"twitter:data1\" content=\"admin\" \/>\n\t<meta name=\"twitter:label2\" content=\"Tiempo de lectura\" \/>\n\t<meta name=\"twitter:data2\" content=\"1 minuto\" \/>\n<script type=\"application\/ld+json\" class=\"yoast-schema-graph\">{\"@context\":\"https:\\\/\\\/schema.org\",\"@graph\":[{\"@type\":\"Article\",\"@id\":\"https:\\\/\\\/joaquinlois.com\\\/organo-catedral-segovia\\\/el-organo-expresivo-otorel\\\/#article\",\"isPartOf\":{\"@id\":\"https:\\\/\\\/joaquinlois.com\\\/organo-catedral-segovia\\\/el-organo-expresivo-otorel\\\/\"},\"author\":{\"name\":\"admin\",\"@id\":\"https:\\\/\\\/joaquinlois.com\\\/organo-catedral-segovia\\\/#\\\/schema\\\/person\\\/91b02054a0a8f4c46cc3753e6417987a\"},\"headline\":\"El \u00f3rgano expresivo de Otorel\",\"datePublished\":\"2018-04-04T17:11:40+00:00\",\"dateModified\":\"2024-03-12T09:08:51+00:00\",\"mainEntityOfPage\":{\"@id\":\"https:\\\/\\\/joaquinlois.com\\\/organo-catedral-segovia\\\/el-organo-expresivo-otorel\\\/\"},\"wordCount\":237,\"image\":{\"@id\":\"https:\\\/\\\/joaquinlois.com\\\/organo-catedral-segovia\\\/el-organo-expresivo-otorel\\\/#primaryimage\"},\"thumbnailUrl\":\"https:\\\/\\\/joaquinlois.com\\\/organo-catedral-segovia\\\/wp-content\\\/uploads\\\/sites\\\/2\\\/2018\\\/04\\\/MG_1875_1-e1542648279845.jpg\",\"inLanguage\":\"es\"},{\"@type\":\"WebPage\",\"@id\":\"https:\\\/\\\/joaquinlois.com\\\/organo-catedral-segovia\\\/el-organo-expresivo-otorel\\\/\",\"url\":\"https:\\\/\\\/joaquinlois.com\\\/organo-catedral-segovia\\\/el-organo-expresivo-otorel\\\/\",\"name\":\"El \u00f3rgano expresivo de Otorel | \u00d3rgano del evangelio-Catedral de Segovia\",\"isPartOf\":{\"@id\":\"https:\\\/\\\/joaquinlois.com\\\/organo-catedral-segovia\\\/#website\"},\"primaryImageOfPage\":{\"@id\":\"https:\\\/\\\/joaquinlois.com\\\/organo-catedral-segovia\\\/el-organo-expresivo-otorel\\\/#primaryimage\"},\"image\":{\"@id\":\"https:\\\/\\\/joaquinlois.com\\\/organo-catedral-segovia\\\/el-organo-expresivo-otorel\\\/#primaryimage\"},\"thumbnailUrl\":\"https:\\\/\\\/joaquinlois.com\\\/organo-catedral-segovia\\\/wp-content\\\/uploads\\\/sites\\\/2\\\/2018\\\/04\\\/MG_1875_1-e1542648279845.jpg\",\"datePublished\":\"2018-04-04T17:11:40+00:00\",\"dateModified\":\"2024-03-12T09:08:51+00:00\",\"author\":{\"@id\":\"https:\\\/\\\/joaquinlois.com\\\/organo-catedral-segovia\\\/#\\\/schema\\\/person\\\/91b02054a0a8f4c46cc3753e6417987a\"},\"description\":\"La reforma de Juan Otorel transform\u00f3\u00a0la cadereta en un \u201c\u00f3rgano expresivo\u201d desplaz\u00e1ndola a un nivel superior al \u00f3rgano mayor.\",\"inLanguage\":\"es\",\"potentialAction\":[{\"@type\":\"ReadAction\",\"target\":[\"https:\\\/\\\/joaquinlois.com\\\/organo-catedral-segovia\\\/el-organo-expresivo-otorel\\\/\"]}]},{\"@type\":\"ImageObject\",\"inLanguage\":\"es\",\"@id\":\"https:\\\/\\\/joaquinlois.com\\\/organo-catedral-segovia\\\/el-organo-expresivo-otorel\\\/#primaryimage\",\"url\":\"https:\\\/\\\/joaquinlois.com\\\/organo-catedral-segovia\\\/wp-content\\\/uploads\\\/sites\\\/2\\\/2018\\\/04\\\/MG_1875_1-e1542648279845.jpg\",\"contentUrl\":\"https:\\\/\\\/joaquinlois.com\\\/organo-catedral-segovia\\\/wp-content\\\/uploads\\\/sites\\\/2\\\/2018\\\/04\\\/MG_1875_1-e1542648279845.jpg\",\"width\":801,\"height\":801},{\"@type\":\"WebSite\",\"@id\":\"https:\\\/\\\/joaquinlois.com\\\/organo-catedral-segovia\\\/#website\",\"url\":\"https:\\\/\\\/joaquinlois.com\\\/organo-catedral-segovia\\\/\",\"name\":\"\u00d3rgano del evangelio de la Catedral de Segovia\",\"description\":\"Restauraci\u00f3n realizada por el taller de organer\u00eda Joaqu\u00edn Lois\",\"potentialAction\":[{\"@type\":\"SearchAction\",\"target\":{\"@type\":\"EntryPoint\",\"urlTemplate\":\"https:\\\/\\\/joaquinlois.com\\\/organo-catedral-segovia\\\/?s={search_term_string}\"},\"query-input\":{\"@type\":\"PropertyValueSpecification\",\"valueRequired\":true,\"valueName\":\"search_term_string\"}}],\"inLanguage\":\"es\"},{\"@type\":\"Person\",\"@id\":\"https:\\\/\\\/joaquinlois.com\\\/organo-catedral-segovia\\\/#\\\/schema\\\/person\\\/91b02054a0a8f4c46cc3753e6417987a\",\"name\":\"admin\",\"sameAs\":[\"https:\\\/\\\/www.joaquinlois.com\"],\"url\":\"https:\\\/\\\/joaquinlois.com\\\/organo-catedral-segovia\\\/author\\\/admin\\\/\"}]}<\/script>\n<!-- \/ Yoast SEO plugin. -->","yoast_head_json":{"title":"El \u00f3rgano expresivo de Otorel | \u00d3rgano del evangelio-Catedral de Segovia","description":"La reforma de Juan Otorel transform\u00f3\u00a0la cadereta en un \u201c\u00f3rgano expresivo\u201d desplaz\u00e1ndola a un nivel superior al \u00f3rgano mayor.","robots":{"index":"index","follow":"follow","max-snippet":"max-snippet:-1","max-image-preview":"max-image-preview:large","max-video-preview":"max-video-preview:-1"},"canonical":"https:\/\/joaquinlois.com\/organo-catedral-segovia\/el-organo-expresivo-otorel\/","og_locale":"es_ES","og_type":"article","og_title":"El \u00f3rgano expresivo de Otorel | \u00d3rgano del evangelio de la Catedral de Segovia | Joaqu\u00edn Lois - Organero","og_description":"La reforma de Juan Otorel transform\u00f3 la cadereta en un \u201c\u00f3rgano expresivo\u201d desplaz\u00e1ndola a un nivel superior al \u00f3rgano mayor.","og_url":"https:\/\/joaquinlois.com\/organo-catedral-segovia\/el-organo-expresivo-otorel\/","og_site_name":"\u00d3rgano del evangelio de la Catedral de Segovia","article_published_time":"2018-04-04T17:11:40+00:00","article_modified_time":"2024-03-12T09:08:51+00:00","og_image":[{"url":"https:\/\/joaquinlois.com\/organo-catedral-segovia\/wp-content\/uploads\/sites\/2\/2018\/09\/MG_1880.jpg","type":"","width":"","height":""}],"author":"admin","twitter_card":"summary_large_image","twitter_misc":{"Escrito por":"admin","Tiempo de lectura":"1 minuto"},"schema":{"@context":"https:\/\/schema.org","@graph":[{"@type":"Article","@id":"https:\/\/joaquinlois.com\/organo-catedral-segovia\/el-organo-expresivo-otorel\/#article","isPartOf":{"@id":"https:\/\/joaquinlois.com\/organo-catedral-segovia\/el-organo-expresivo-otorel\/"},"author":{"name":"admin","@id":"https:\/\/joaquinlois.com\/organo-catedral-segovia\/#\/schema\/person\/91b02054a0a8f4c46cc3753e6417987a"},"headline":"El \u00f3rgano expresivo de Otorel","datePublished":"2018-04-04T17:11:40+00:00","dateModified":"2024-03-12T09:08:51+00:00","mainEntityOfPage":{"@id":"https:\/\/joaquinlois.com\/organo-catedral-segovia\/el-organo-expresivo-otorel\/"},"wordCount":237,"image":{"@id":"https:\/\/joaquinlois.com\/organo-catedral-segovia\/el-organo-expresivo-otorel\/#primaryimage"},"thumbnailUrl":"https:\/\/joaquinlois.com\/organo-catedral-segovia\/wp-content\/uploads\/sites\/2\/2018\/04\/MG_1875_1-e1542648279845.jpg","inLanguage":"es"},{"@type":"WebPage","@id":"https:\/\/joaquinlois.com\/organo-catedral-segovia\/el-organo-expresivo-otorel\/","url":"https:\/\/joaquinlois.com\/organo-catedral-segovia\/el-organo-expresivo-otorel\/","name":"El \u00f3rgano expresivo de Otorel | \u00d3rgano del evangelio-Catedral de Segovia","isPartOf":{"@id":"https:\/\/joaquinlois.com\/organo-catedral-segovia\/#website"},"primaryImageOfPage":{"@id":"https:\/\/joaquinlois.com\/organo-catedral-segovia\/el-organo-expresivo-otorel\/#primaryimage"},"image":{"@id":"https:\/\/joaquinlois.com\/organo-catedral-segovia\/el-organo-expresivo-otorel\/#primaryimage"},"thumbnailUrl":"https:\/\/joaquinlois.com\/organo-catedral-segovia\/wp-content\/uploads\/sites\/2\/2018\/04\/MG_1875_1-e1542648279845.jpg","datePublished":"2018-04-04T17:11:40+00:00","dateModified":"2024-03-12T09:08:51+00:00","author":{"@id":"https:\/\/joaquinlois.com\/organo-catedral-segovia\/#\/schema\/person\/91b02054a0a8f4c46cc3753e6417987a"},"description":"La reforma de Juan Otorel transform\u00f3\u00a0la cadereta en un \u201c\u00f3rgano expresivo\u201d desplaz\u00e1ndola a un nivel superior al \u00f3rgano mayor.","inLanguage":"es","potentialAction":[{"@type":"ReadAction","target":["https:\/\/joaquinlois.com\/organo-catedral-segovia\/el-organo-expresivo-otorel\/"]}]},{"@type":"ImageObject","inLanguage":"es","@id":"https:\/\/joaquinlois.com\/organo-catedral-segovia\/el-organo-expresivo-otorel\/#primaryimage","url":"https:\/\/joaquinlois.com\/organo-catedral-segovia\/wp-content\/uploads\/sites\/2\/2018\/04\/MG_1875_1-e1542648279845.jpg","contentUrl":"https:\/\/joaquinlois.com\/organo-catedral-segovia\/wp-content\/uploads\/sites\/2\/2018\/04\/MG_1875_1-e1542648279845.jpg","width":801,"height":801},{"@type":"WebSite","@id":"https:\/\/joaquinlois.com\/organo-catedral-segovia\/#website","url":"https:\/\/joaquinlois.com\/organo-catedral-segovia\/","name":"\u00d3rgano del evangelio de la Catedral de Segovia","description":"Restauraci\u00f3n realizada por el taller de organer\u00eda Joaqu\u00edn Lois","potentialAction":[{"@type":"SearchAction","target":{"@type":"EntryPoint","urlTemplate":"https:\/\/joaquinlois.com\/organo-catedral-segovia\/?s={search_term_string}"},"query-input":{"@type":"PropertyValueSpecification","valueRequired":true,"valueName":"search_term_string"}}],"inLanguage":"es"},{"@type":"Person","@id":"https:\/\/joaquinlois.com\/organo-catedral-segovia\/#\/schema\/person\/91b02054a0a8f4c46cc3753e6417987a","name":"admin","sameAs":["https:\/\/www.joaquinlois.com"],"url":"https:\/\/joaquinlois.com\/organo-catedral-segovia\/author\/admin\/"}]}},"jetpack_featured_media_url":"https:\/\/joaquinlois.com\/organo-catedral-segovia\/wp-content\/uploads\/sites\/2\/2018\/04\/MG_1875_1-e1542648279845.jpg","jetpack_sharing_enabled":true,"_links":{"self":[{"href":"https:\/\/joaquinlois.com\/organo-catedral-segovia\/wp-json\/wp\/v2\/posts\/360","targetHints":{"allow":["GET"]}}],"collection":[{"href":"https:\/\/joaquinlois.com\/organo-catedral-segovia\/wp-json\/wp\/v2\/posts"}],"about":[{"href":"https:\/\/joaquinlois.com\/organo-catedral-segovia\/wp-json\/wp\/v2\/types\/post"}],"author":[{"embeddable":true,"href":"https:\/\/joaquinlois.com\/organo-catedral-segovia\/wp-json\/wp\/v2\/users\/1"}],"replies":[{"embeddable":true,"href":"https:\/\/joaquinlois.com\/organo-catedral-segovia\/wp-json\/wp\/v2\/comments?post=360"}],"version-history":[{"count":1,"href":"https:\/\/joaquinlois.com\/organo-catedral-segovia\/wp-json\/wp\/v2\/posts\/360\/revisions"}],"predecessor-version":[{"id":2763,"href":"https:\/\/joaquinlois.com\/organo-catedral-segovia\/wp-json\/wp\/v2\/posts\/360\/revisions\/2763"}],"wp:featuredmedia":[{"embeddable":true,"href":"https:\/\/joaquinlois.com\/organo-catedral-segovia\/wp-json\/wp\/v2\/media\/798"}],"wp:attachment":[{"href":"https:\/\/joaquinlois.com\/organo-catedral-segovia\/wp-json\/wp\/v2\/media?parent=360"}],"wp:term":[{"taxonomy":"category","embeddable":true,"href":"https:\/\/joaquinlois.com\/organo-catedral-segovia\/wp-json\/wp\/v2\/categories?post=360"},{"taxonomy":"post_tag","embeddable":true,"href":"https:\/\/joaquinlois.com\/organo-catedral-segovia\/wp-json\/wp\/v2\/tags?post=360"},{"taxonomy":"elemento","embeddable":true,"href":"https:\/\/joaquinlois.com\/organo-catedral-segovia\/wp-json\/wp\/v2\/elemento?post=360"},{"taxonomy":"lt","embeddable":true,"href":"https:\/\/joaquinlois.com\/organo-catedral-segovia\/wp-json\/wp\/v2\/lt?post=360"},{"taxonomy":"teclados","embeddable":true,"href":"https:\/\/joaquinlois.com\/organo-catedral-segovia\/wp-json\/wp\/v2\/teclados?post=360"}],"curies":[{"name":"wp","href":"https:\/\/api.w.org\/{rel}","templated":true}]}}